{"id":1056,"date":"2017-06-03T15:56:07","date_gmt":"2017-06-03T15:56:07","guid":{"rendered":"http:\/\/municipiodenuevahelvecia.com\/?p=1056"},"modified":"2020-04-26T18:18:09","modified_gmt":"2020-04-26T18:18:09","slug":"documental-en-el-cine-helvetico-del-nino-dionisio-diaz","status":"publish","type":"post","link":"https:\/\/municipiodenuevahelvecia.com\/?p=1056","title":{"rendered":"Documental en el Cine Helv\u00e9tico del ni\u00f1o Dionisio D\u00edaz"},"content":{"rendered":"<p>El Centro Regional de Cultura \u00bb CINE HELV\u00c9TICO \u00bb<\/p>\n<p>invitan a la proyecci\u00f3n del documental sobre Dionisio D\u00edaz el ni\u00f1o h\u00e9roe del Arroyo de Oro y que fuera premiada en Hollywood. Este cortometraje es de 50 minutos dirigido por un uruguayo residente en R\u00edo de Janeiro .<\/p>\n<p>El viernes 9 de junio la proyecci\u00f3n en la ma\u00f1ana y en la tarde para las Instituciones docentes y en la noche es para el p\u00fablico en general a las 20 horas, la entrada a los socios del Cine a $ 100.= sistema de 2 x 1 y tambi\u00e9n al p\u00fablico en general a $ 140. = sistema de 2 x 1 .<\/p>\n<p>Apoyan:<br \/>\nMunicipio de Nueva Helvecia y Comisi\u00f3n de Cultura<\/p>\n","protected":false},"excerpt":{"rendered":"<p>El Centro Regional de Cultura \u00bb CINE HELV\u00c9TICO \u00bb invitan a la proyecci\u00f3n del documental sobre Dionisio D\u00edaz el ni\u00f1o h\u00e9roe del Arroyo de Oro y que fuera premiada en Hollywood. Este cortometraje es de 50 minutos dirigido por un uruguayo residente en R\u00edo de Janeiro . El viernes 9 de junio la proyecci\u00f3n en [&hellip;]<\/p>\n","protected":false},"author":8,"featured_media":0,"comment_status":"closed","ping_status":"open","sticky":false,"template":"","format":"standard","meta":[],"categories":[1],"tags":[],"_links":{"self":[{"href":"https:\/\/municipiodenuevahelvecia.com\/index.php?rest_route=\/wp\/v2\/posts\/1056"}],"collection":[{"href":"https:\/\/municipiodenuevahelvecia.com\/index.php?rest_route=\/wp\/v2\/posts"}],"about":[{"href":"https:\/\/municipiodenuevahelvecia.com\/index.php?rest_route=\/wp\/v2\/types\/post"}],"author":[{"embeddable":true,"href":"https:\/\/municipiodenuevahelvecia.com\/index.php?rest_route=\/wp\/v2\/users\/8"}],"replies":[{"embeddable":true,"href":"https:\/\/municipiodenuevahelvecia.com\/index.php?rest_route=%2Fwp%2Fv2%2Fcomments&post=1056"}],"version-history":[{"count":1,"href":"https:\/\/municipiodenuevahelvecia.com\/index.php?rest_route=\/wp\/v2\/posts\/1056\/revisions"}],"predecessor-version":[{"id":1057,"href":"https:\/\/municipiodenuevahelvecia.com\/index.php?rest_route=\/wp\/v2\/posts\/1056\/revisions\/1057"}],"wp:attachment":[{"href":"https:\/\/municipiodenuevahelvecia.com\/index.php?rest_route=%2Fwp%2Fv2%2Fmedia&parent=1056"}],"wp:term":[{"taxonomy":"category","embeddable":true,"href":"https:\/\/municipiodenuevahelvecia.com\/index.php?rest_route=%2Fwp%2Fv2%2Fcategories&post=1056"},{"taxonomy":"post_tag","embeddable":true,"href":"https:\/\/municipiodenuevahelvecia.com\/index.php?rest_route=%2Fwp%2Fv2%2Ftags&post=1056"}],"curies":[{"name":"wp","href":"https:\/\/api.w.org\/{rel}","templated":true}]}}