{"id":1603,"date":"2018-11-08T14:19:51","date_gmt":"2018-11-08T14:19:51","guid":{"rendered":"http:\/\/municipiodenuevahelvecia.com\/?p=1603"},"modified":"2020-04-26T18:18:06","modified_gmt":"2020-04-26T18:18:06","slug":"proyecto-clyma-2","status":"publish","type":"post","link":"https:\/\/municipiodenuevahelvecia.com\/?p=1603","title":{"rendered":"Proyecto Clyma"},"content":{"rendered":"<p>Despues de varias instancias de trabajo participativo con la comunidad y el Municipio se realiz\u00f3 en el Parque Retiro la Plantaci\u00f3n de m\u00e1s de 380 Arboles Aut\u00f3ctonos y renovaci\u00f3n de especies, actividad dentro del Proyecto Clyma, atraves de la Fundaci\u00f3n KMU Clyma-Suiza, la Plantaci\u00f3n es realizada por Vivero Chaja a traves de su personal y sus Ingenieras.<br \/>\nLos objetivos son Ecol\u00f3gicos y Eco paisaj\u00edstico para lograr la armon\u00eda a traves de la incorporaci\u00f3n de flora nativa.<br \/>\nInvitamos a todos a visitar como avanza el proyecto, que tiene instancia de crear camineria interna, limpieza del lago a traves del trabajo de Militares del Batall\u00f3n de Colonia.<\/p>\n<div id='gallery-1' class='gallery galleryid-1603 gallery-columns-3 gallery-size-thumbnail'><figure class='gallery-item'>\n\t\t\t<div class='gallery-icon landscape'>\n\t\t\t\t<a href='https:\/\/municipiodenuevahelvecia.com\/?attachment_id=1604'><img width=\"150\" height=\"150\" src=\"https:\/\/municipiodenuevahelvecia.com\/wp-content\/uploads\/2018\/11\/5095BAFB-3808-45B8-B378-4E38AFDD20E0-150x150.jpeg\" class=\"attachment-thumbnail size-thumbnail\" alt=\"\" decoding=\"async\" loading=\"lazy\" \/><\/a>\n\t\t\t<\/div><\/figure><figure class='gallery-item'>\n\t\t\t<div class='gallery-icon landscape'>\n\t\t\t\t<a href='https:\/\/municipiodenuevahelvecia.com\/?attachment_id=1605'><img width=\"150\" height=\"150\" src=\"https:\/\/municipiodenuevahelvecia.com\/wp-content\/uploads\/2018\/11\/2133BCB6-9A91-45C2-89AB-2905956A88D3-150x150.jpeg\" class=\"attachment-thumbnail size-thumbnail\" alt=\"\" decoding=\"async\" loading=\"lazy\" \/><\/a>\n\t\t\t<\/div><\/figure><figure class='gallery-item'>\n\t\t\t<div class='gallery-icon portrait'>\n\t\t\t\t<a href='https:\/\/municipiodenuevahelvecia.com\/?attachment_id=1606'><img width=\"150\" height=\"150\" src=\"https:\/\/municipiodenuevahelvecia.com\/wp-content\/uploads\/2018\/11\/6D0ACFDA-3DAB-45D9-AF57-F210B87A3369-150x150.jpeg\" class=\"attachment-thumbnail size-thumbnail\" alt=\"\" decoding=\"async\" loading=\"lazy\" \/><\/a>\n\t\t\t<\/div><\/figure><figure class='gallery-item'>\n\t\t\t<div class='gallery-icon landscape'>\n\t\t\t\t<a href='https:\/\/municipiodenuevahelvecia.com\/?attachment_id=1607'><img width=\"150\" height=\"150\" src=\"https:\/\/municipiodenuevahelvecia.com\/wp-content\/uploads\/2018\/11\/72B06D46-23A6-4D72-AC10-8ADB5DBFE777-150x150.jpeg\" class=\"attachment-thumbnail size-thumbnail\" alt=\"\" decoding=\"async\" loading=\"lazy\" \/><\/a>\n\t\t\t<\/div><\/figure><figure class='gallery-item'>\n\t\t\t<div class='gallery-icon landscape'>\n\t\t\t\t<a href='https:\/\/municipiodenuevahelvecia.com\/?attachment_id=1608'><img width=\"150\" height=\"150\" src=\"https:\/\/municipiodenuevahelvecia.com\/wp-content\/uploads\/2018\/11\/3FE81D5D-4A8D-4A97-920C-9A0E7561513D-150x150.jpeg\" class=\"attachment-thumbnail size-thumbnail\" alt=\"\" decoding=\"async\" loading=\"lazy\" \/><\/a>\n\t\t\t<\/div><\/figure><figure class='gallery-item'>\n\t\t\t<div class='gallery-icon landscape'>\n\t\t\t\t<a href='https:\/\/municipiodenuevahelvecia.com\/?attachment_id=1609'><img width=\"150\" height=\"150\" src=\"https:\/\/municipiodenuevahelvecia.com\/wp-content\/uploads\/2018\/11\/92CD7F57-F17C-4E9D-92F6-6F5A62A7FBEE-150x150.jpeg\" class=\"attachment-thumbnail size-thumbnail\" alt=\"\" decoding=\"async\" loading=\"lazy\" \/><\/a>\n\t\t\t<\/div><\/figure>\n\t\t<\/div>\n\n","protected":false},"excerpt":{"rendered":"<p>Despues de varias instancias de trabajo participativo con la comunidad y el Municipio se realiz\u00f3 en el Parque Retiro la Plantaci\u00f3n de m\u00e1s de 380 Arboles Aut\u00f3ctonos y renovaci\u00f3n de especies, actividad dentro del Proyecto Clyma, atraves de la Fundaci\u00f3n KMU Clyma-Suiza, la Plantaci\u00f3n es realizada por Vivero Chaja a traves de su personal y [&hellip;]<\/p>\n","protected":false},"author":8,"featured_media":0,"comment_status":"closed","ping_status":"closed","sticky":false,"template":"","format":"standard","meta":[],"categories":[1],"tags":[],"_links":{"self":[{"href":"https:\/\/municipiodenuevahelvecia.com\/index.php?rest_route=\/wp\/v2\/posts\/1603"}],"collection":[{"href":"https:\/\/municipiodenuevahelvecia.com\/index.php?rest_route=\/wp\/v2\/posts"}],"about":[{"href":"https:\/\/municipiodenuevahelvecia.com\/index.php?rest_route=\/wp\/v2\/types\/post"}],"author":[{"embeddable":true,"href":"https:\/\/municipiodenuevahelvecia.com\/index.php?rest_route=\/wp\/v2\/users\/8"}],"replies":[{"embeddable":true,"href":"https:\/\/municipiodenuevahelvecia.com\/index.php?rest_route=%2Fwp%2Fv2%2Fcomments&post=1603"}],"version-history":[{"count":1,"href":"https:\/\/municipiodenuevahelvecia.com\/index.php?rest_route=\/wp\/v2\/posts\/1603\/revisions"}],"predecessor-version":[{"id":1610,"href":"https:\/\/municipiodenuevahelvecia.com\/index.php?rest_route=\/wp\/v2\/posts\/1603\/revisions\/1610"}],"wp:attachment":[{"href":"https:\/\/municipiodenuevahelvecia.com\/index.php?rest_route=%2Fwp%2Fv2%2Fmedia&parent=1603"}],"wp:term":[{"taxonomy":"category","embeddable":true,"href":"https:\/\/municipiodenuevahelvecia.com\/index.php?rest_route=%2Fwp%2Fv2%2Fcategories&post=1603"},{"taxonomy":"post_tag","embeddable":true,"href":"https:\/\/municipiodenuevahelvecia.com\/index.php?rest_route=%2Fwp%2Fv2%2Ftags&post=1603"}],"curies":[{"name":"wp","href":"https:\/\/api.w.org\/{rel}","templated":true}]}}