{"id":1701,"date":"2019-02-02T18:17:05","date_gmt":"2019-02-02T18:17:05","guid":{"rendered":"http:\/\/municipiodenuevahelvecia.com\/?p=1701"},"modified":"2020-04-26T18:18:06","modified_gmt":"2020-04-26T18:18:06","slug":"reunion-con-autoridades-del-correo","status":"publish","type":"post","link":"https:\/\/municipiodenuevahelvecia.com\/?p=1701","title":{"rendered":"Reuni\u00f3n con autoridades del Correo"},"content":{"rendered":"<p style=\"text-align: left;\">Mi\u00e9rcoles 30 el Consejo Municipal de Nueva Helvecia fue recibido por el Directorio del Correo Nacional, su Presidenta Sra. Solange Moreira, su Vicepresidenta la Dra. Giannella Vi\u00f1oly y el Director Dr. Fernando Saralegui.<br \/>\nSe trataron los temas que afectan a nuestra ciudad y sus zonas, las medidas gremiales hacia nuestra ciudad. Se manifestaron la preocupaci\u00f3n por la situaci\u00f3n que se vive hoy en nuestra ciudad.<br \/>\nLa Presidenta inform\u00f3 que se presentaron 112 personas al llamado y que se iniciaron las entrevistas a los 30 preseleccionados.<br \/>\nEl Directorio qued\u00f3 de informar los avances que se produzcan con respecto a la problematica de Nueva Helvecia, el Municipio apelo a que se solucione lo antes posible dada las molestias que ocaciona est\u00e1 situaci\u00f3n a la Ciudadan\u00eda.<\/p>\n","protected":false},"excerpt":{"rendered":"<p>Mi\u00e9rcoles 30 el Consejo Municipal de Nueva Helvecia fue recibido por el Directorio del Correo Nacional, su Presidenta Sra. Solange Moreira, su Vicepresidenta la Dra. Giannella Vi\u00f1oly y el Director Dr. Fernando Saralegui. Se trataron los temas que afectan a nuestra ciudad y sus zonas, las medidas gremiales hacia nuestra ciudad. Se manifestaron la preocupaci\u00f3n [&hellip;]<\/p>\n","protected":false},"author":8,"featured_media":0,"comment_status":"closed","ping_status":"closed","sticky":false,"template":"","format":"standard","meta":[],"categories":[1],"tags":[],"_links":{"self":[{"href":"https:\/\/municipiodenuevahelvecia.com\/index.php?rest_route=\/wp\/v2\/posts\/1701"}],"collection":[{"href":"https:\/\/municipiodenuevahelvecia.com\/index.php?rest_route=\/wp\/v2\/posts"}],"about":[{"href":"https:\/\/municipiodenuevahelvecia.com\/index.php?rest_route=\/wp\/v2\/types\/post"}],"author":[{"embeddable":true,"href":"https:\/\/municipiodenuevahelvecia.com\/index.php?rest_route=\/wp\/v2\/users\/8"}],"replies":[{"embeddable":true,"href":"https:\/\/municipiodenuevahelvecia.com\/index.php?rest_route=%2Fwp%2Fv2%2Fcomments&post=1701"}],"version-history":[{"count":1,"href":"https:\/\/municipiodenuevahelvecia.com\/index.php?rest_route=\/wp\/v2\/posts\/1701\/revisions"}],"predecessor-version":[{"id":1702,"href":"https:\/\/municipiodenuevahelvecia.com\/index.php?rest_route=\/wp\/v2\/posts\/1701\/revisions\/1702"}],"wp:attachment":[{"href":"https:\/\/municipiodenuevahelvecia.com\/index.php?rest_route=%2Fwp%2Fv2%2Fmedia&parent=1701"}],"wp:term":[{"taxonomy":"category","embeddable":true,"href":"https:\/\/municipiodenuevahelvecia.com\/index.php?rest_route=%2Fwp%2Fv2%2Fcategories&post=1701"},{"taxonomy":"post_tag","embeddable":true,"href":"https:\/\/municipiodenuevahelvecia.com\/index.php?rest_route=%2Fwp%2Fv2%2Ftags&post=1701"}],"curies":[{"name":"wp","href":"https:\/\/api.w.org\/{rel}","templated":true}]}}