{"id":1712,"date":"2019-02-11T18:24:35","date_gmt":"2019-02-11T18:24:35","guid":{"rendered":"http:\/\/municipiodenuevahelvecia.com\/?p=1712"},"modified":"2020-04-26T18:18:06","modified_gmt":"2020-04-26T18:18:06","slug":"clausura-de-la-copa-latinoamericana","status":"publish","type":"post","link":"https:\/\/municipiodenuevahelvecia.com\/?p=1712","title":{"rendered":"Clausura de la Copa Latinoamericana"},"content":{"rendered":"<p>Copa Latinoam\u00e9rica de F\u00fatbol infantil y j\u00f3venes, con sede en Rosario, Valdense y Nueva Helvecia.<br \/>\nEl objetivo la integraci\u00f3n entre las delegaciones de los Pa\u00edses que participaron, Bolivia, Chile,Colombia, Per\u00fa y Uruguay.<br \/>\nApostamos al Deporte como uan de las pol\u00edticas mas integradoras e inclusivas.<\/p>\n<div id='gallery-1' class='gallery galleryid-1712 gallery-columns-3 gallery-size-thumbnail'><figure class='gallery-item'>\n\t\t\t<div class='gallery-icon landscape'>\n\t\t\t\t<a href='https:\/\/municipiodenuevahelvecia.com\/?attachment_id=1713'><img width=\"150\" height=\"150\" src=\"https:\/\/municipiodenuevahelvecia.com\/wp-content\/uploads\/2019\/02\/29DF1920-E977-48B0-BA63-0BB036AB9A61-150x150.jpeg\" class=\"attachment-thumbnail size-thumbnail\" alt=\"\" decoding=\"async\" loading=\"lazy\" \/><\/a>\n\t\t\t<\/div><\/figure><figure class='gallery-item'>\n\t\t\t<div class='gallery-icon landscape'>\n\t\t\t\t<a href='https:\/\/municipiodenuevahelvecia.com\/?attachment_id=1714'><img width=\"150\" height=\"150\" src=\"https:\/\/municipiodenuevahelvecia.com\/wp-content\/uploads\/2019\/02\/5E56F6F1-ABB2-49B8-81E1-722F118B39E6-150x150.jpeg\" class=\"attachment-thumbnail size-thumbnail\" alt=\"\" decoding=\"async\" loading=\"lazy\" \/><\/a>\n\t\t\t<\/div><\/figure><figure class='gallery-item'>\n\t\t\t<div class='gallery-icon landscape'>\n\t\t\t\t<a href='https:\/\/municipiodenuevahelvecia.com\/?attachment_id=1715'><img width=\"150\" height=\"150\" src=\"https:\/\/municipiodenuevahelvecia.com\/wp-content\/uploads\/2019\/02\/4C3B0981-4901-431F-89A5-211BB3C5F2E5-150x150.jpeg\" class=\"attachment-thumbnail size-thumbnail\" alt=\"\" decoding=\"async\" loading=\"lazy\" \/><\/a>\n\t\t\t<\/div><\/figure><figure class='gallery-item'>\n\t\t\t<div class='gallery-icon landscape'>\n\t\t\t\t<a href='https:\/\/municipiodenuevahelvecia.com\/?attachment_id=1716'><img width=\"150\" height=\"150\" src=\"https:\/\/municipiodenuevahelvecia.com\/wp-content\/uploads\/2019\/02\/027E8844-8E62-4F1B-85C8-40EC04BA4348-150x150.jpeg\" class=\"attachment-thumbnail size-thumbnail\" alt=\"\" decoding=\"async\" loading=\"lazy\" \/><\/a>\n\t\t\t<\/div><\/figure><figure class='gallery-item'>\n\t\t\t<div class='gallery-icon landscape'>\n\t\t\t\t<a href='https:\/\/municipiodenuevahelvecia.com\/?attachment_id=1717'><img width=\"150\" height=\"150\" src=\"https:\/\/municipiodenuevahelvecia.com\/wp-content\/uploads\/2019\/02\/1D736A2F-2774-4725-BA37-53B04BC38499-150x150.jpeg\" class=\"attachment-thumbnail size-thumbnail\" alt=\"\" decoding=\"async\" loading=\"lazy\" \/><\/a>\n\t\t\t<\/div><\/figure><figure class='gallery-item'>\n\t\t\t<div class='gallery-icon landscape'>\n\t\t\t\t<a href='https:\/\/municipiodenuevahelvecia.com\/?attachment_id=1718'><img width=\"150\" height=\"150\" src=\"https:\/\/municipiodenuevahelvecia.com\/wp-content\/uploads\/2019\/02\/30CAEDCD-DC24-4E78-8808-B0A7511CE460-150x150.jpeg\" class=\"attachment-thumbnail size-thumbnail\" alt=\"\" decoding=\"async\" loading=\"lazy\" \/><\/a>\n\t\t\t<\/div><\/figure><figure class='gallery-item'>\n\t\t\t<div class='gallery-icon landscape'>\n\t\t\t\t<a href='https:\/\/municipiodenuevahelvecia.com\/?attachment_id=1719'><img width=\"150\" height=\"150\" src=\"https:\/\/municipiodenuevahelvecia.com\/wp-content\/uploads\/2019\/02\/80BB5218-6643-4D6B-87E8-E20D44B69111-150x150.jpeg\" class=\"attachment-thumbnail size-thumbnail\" alt=\"\" decoding=\"async\" loading=\"lazy\" \/><\/a>\n\t\t\t<\/div><\/figure><figure class='gallery-item'>\n\t\t\t<div class='gallery-icon landscape'>\n\t\t\t\t<a href='https:\/\/municipiodenuevahelvecia.com\/?attachment_id=1720'><img width=\"150\" height=\"150\" src=\"https:\/\/municipiodenuevahelvecia.com\/wp-content\/uploads\/2019\/02\/B4F84592-D016-44BE-AD7A-E5DC97100878-150x150.jpeg\" class=\"attachment-thumbnail size-thumbnail\" alt=\"\" decoding=\"async\" loading=\"lazy\" \/><\/a>\n\t\t\t<\/div><\/figure>\n\t\t<\/div>\n\n","protected":false},"excerpt":{"rendered":"<p>Copa Latinoam\u00e9rica de F\u00fatbol infantil y j\u00f3venes, con sede en Rosario, Valdense y Nueva Helvecia. El objetivo la integraci\u00f3n entre las delegaciones de los Pa\u00edses que participaron, Bolivia, Chile,Colombia, Per\u00fa y Uruguay. Apostamos al Deporte como uan de las pol\u00edticas mas integradoras e inclusivas.<\/p>\n","protected":false},"author":8,"featured_media":0,"comment_status":"closed","ping_status":"closed","sticky":false,"template":"","format":"standard","meta":[],"categories":[1],"tags":[],"_links":{"self":[{"href":"https:\/\/municipiodenuevahelvecia.com\/index.php?rest_route=\/wp\/v2\/posts\/1712"}],"collection":[{"href":"https:\/\/municipiodenuevahelvecia.com\/index.php?rest_route=\/wp\/v2\/posts"}],"about":[{"href":"https:\/\/municipiodenuevahelvecia.com\/index.php?rest_route=\/wp\/v2\/types\/post"}],"author":[{"embeddable":true,"href":"https:\/\/municipiodenuevahelvecia.com\/index.php?rest_route=\/wp\/v2\/users\/8"}],"replies":[{"embeddable":true,"href":"https:\/\/municipiodenuevahelvecia.com\/index.php?rest_route=%2Fwp%2Fv2%2Fcomments&post=1712"}],"version-history":[{"count":1,"href":"https:\/\/municipiodenuevahelvecia.com\/index.php?rest_route=\/wp\/v2\/posts\/1712\/revisions"}],"predecessor-version":[{"id":1721,"href":"https:\/\/municipiodenuevahelvecia.com\/index.php?rest_route=\/wp\/v2\/posts\/1712\/revisions\/1721"}],"wp:attachment":[{"href":"https:\/\/municipiodenuevahelvecia.com\/index.php?rest_route=%2Fwp%2Fv2%2Fmedia&parent=1712"}],"wp:term":[{"taxonomy":"category","embeddable":true,"href":"https:\/\/municipiodenuevahelvecia.com\/index.php?rest_route=%2Fwp%2Fv2%2Fcategories&post=1712"},{"taxonomy":"post_tag","embeddable":true,"href":"https:\/\/municipiodenuevahelvecia.com\/index.php?rest_route=%2Fwp%2Fv2%2Ftags&post=1712"}],"curies":[{"name":"wp","href":"https:\/\/api.w.org\/{rel}","templated":true}]}}