{"id":1722,"date":"2019-02-14T18:42:06","date_gmt":"2019-02-14T18:42:06","guid":{"rendered":"http:\/\/municipiodenuevahelvecia.com\/?p=1722"},"modified":"2020-04-26T18:18:06","modified_gmt":"2020-04-26T18:18:06","slug":"dia-de-la-lucha-contra-el-cancer-infantil","status":"publish","type":"post","link":"https:\/\/municipiodenuevahelvecia.com\/?p=1722","title":{"rendered":"D\u00eda de la lucha contra el c\u00e1ncer infantil"},"content":{"rendered":"<p>El Municipio de Nueva Helvecia se viste de Dorado para acompa\u00f1ar el 15 de febrero el \u00abEl Municipio de Nueva Helvecia se viste de Dorado para acompa\u00f1ar el 15 de febrero el \u00abD\u00eda de Lucha contra el C\u00e1ncer Infantil \u00bb en apoyo a la Fundaci\u00f3n P\u00e9rez Scremini de la ciudad.<\/p>\n<p><img decoding=\"async\" loading=\"lazy\" class=\"alignleft size-full wp-image-1723\" src=\"http:\/\/municipiodenuevahelvecia.com\/wp-content\/uploads\/2019\/02\/862A15C9-EA58-44AD-B122-8B4055432707.jpeg\" alt=\"\" width=\"960\" height=\"676\" srcset=\"https:\/\/municipiodenuevahelvecia.com\/wp-content\/uploads\/2019\/02\/862A15C9-EA58-44AD-B122-8B4055432707.jpeg 960w, https:\/\/municipiodenuevahelvecia.com\/wp-content\/uploads\/2019\/02\/862A15C9-EA58-44AD-B122-8B4055432707-400x282.jpeg 400w, https:\/\/municipiodenuevahelvecia.com\/wp-content\/uploads\/2019\/02\/862A15C9-EA58-44AD-B122-8B4055432707-768x541.jpeg 768w\" sizes=\"(max-width: 960px) 100vw, 960px\" \/><\/p>\n","protected":false},"excerpt":{"rendered":"<p>El Municipio de Nueva Helvecia se viste de Dorado para acompa\u00f1ar el 15 de febrero el \u00abEl Municipio de Nueva Helvecia se viste de Dorado para acompa\u00f1ar el 15 de febrero el \u00abD\u00eda de Lucha contra el C\u00e1ncer Infantil \u00bb en apoyo a la Fundaci\u00f3n P\u00e9rez Scremini de la ciudad.<\/p>\n","protected":false},"author":8,"featured_media":0,"comment_status":"closed","ping_status":"closed","sticky":false,"template":"","format":"standard","meta":[],"categories":[1],"tags":[],"_links":{"self":[{"href":"https:\/\/municipiodenuevahelvecia.com\/index.php?rest_route=\/wp\/v2\/posts\/1722"}],"collection":[{"href":"https:\/\/municipiodenuevahelvecia.com\/index.php?rest_route=\/wp\/v2\/posts"}],"about":[{"href":"https:\/\/municipiodenuevahelvecia.com\/index.php?rest_route=\/wp\/v2\/types\/post"}],"author":[{"embeddable":true,"href":"https:\/\/municipiodenuevahelvecia.com\/index.php?rest_route=\/wp\/v2\/users\/8"}],"replies":[{"embeddable":true,"href":"https:\/\/municipiodenuevahelvecia.com\/index.php?rest_route=%2Fwp%2Fv2%2Fcomments&post=1722"}],"version-history":[{"count":1,"href":"https:\/\/municipiodenuevahelvecia.com\/index.php?rest_route=\/wp\/v2\/posts\/1722\/revisions"}],"predecessor-version":[{"id":1724,"href":"https:\/\/municipiodenuevahelvecia.com\/index.php?rest_route=\/wp\/v2\/posts\/1722\/revisions\/1724"}],"wp:attachment":[{"href":"https:\/\/municipiodenuevahelvecia.com\/index.php?rest_route=%2Fwp%2Fv2%2Fmedia&parent=1722"}],"wp:term":[{"taxonomy":"category","embeddable":true,"href":"https:\/\/municipiodenuevahelvecia.com\/index.php?rest_route=%2Fwp%2Fv2%2Fcategories&post=1722"},{"taxonomy":"post_tag","embeddable":true,"href":"https:\/\/municipiodenuevahelvecia.com\/index.php?rest_route=%2Fwp%2Fv2%2Ftags&post=1722"}],"curies":[{"name":"wp","href":"https:\/\/api.w.org\/{rel}","templated":true}]}}