{"id":1939,"date":"2020-04-26T16:28:51","date_gmt":"2020-04-26T16:28:51","guid":{"rendered":"http:\/\/municipiodenuevahelvecia.com\/?p=1939"},"modified":"2020-11-30T19:46:36","modified_gmt":"2020-11-30T19:46:36","slug":"centesimo-quincuagesimo-octavo-aniversario-de-nueva-helvecia","status":"publish","type":"post","link":"https:\/\/municipiodenuevahelvecia.com\/?p=1939","title":{"rendered":"Cent\u00e9simo quincuag\u00e9simo octavo Aniversario de Nueva Helvecia"},"content":{"rendered":"<p><strong><img decoding=\"async\" loading=\"lazy\" class=\"aligncenter size-full wp-image-1942\" src=\"http:\/\/municipiodenuevahelvecia.com\/wp-content\/uploads\/2020\/04\/20368750_1932309877016923_2314003895563263125_o.jpg\" alt=\"\" width=\"1600\" height=\"1082\" srcset=\"https:\/\/municipiodenuevahelvecia.com\/wp-content\/uploads\/2020\/04\/20368750_1932309877016923_2314003895563263125_o.jpg 1600w, https:\/\/municipiodenuevahelvecia.com\/wp-content\/uploads\/2020\/04\/20368750_1932309877016923_2314003895563263125_o-400x271.jpg 400w, https:\/\/municipiodenuevahelvecia.com\/wp-content\/uploads\/2020\/04\/20368750_1932309877016923_2314003895563263125_o-768x519.jpg 768w, https:\/\/municipiodenuevahelvecia.com\/wp-content\/uploads\/2020\/04\/20368750_1932309877016923_2314003895563263125_o-1024x692.jpg 1024w\" sizes=\"(max-width: 1600px) 100vw, 1600px\" \/><br \/>\n<\/strong><\/p>\n<p><strong>Hace m\u00e1s o menos un siglo y medio, los fundadores de nuestra colonia que a\u00fan permanec\u00edan aqu\u00ed asentados luego de muchas peripecias, comenzaron a pensar en celebrar la fundaci\u00f3n de Nueva Helvecia. <\/strong><\/p>\n<p>El 21 de noviembre de 1861 hab\u00edan llegado los primeros adelantados, pero a la hora de reunirse para una celebraci\u00f3n, la fecha no era propicia, pues las tareas rurales no permit\u00edan detenerse para fiestas. Entonces se convino en tomar el 25 de abril como fecha de fundaci\u00f3n.<\/p>\n<p>Se hab\u00eda dicho que era la fecha de la llegada del grupo m\u00e1s numeroso de colonos para justificar esa elecci\u00f3n, pero la Historiadora Belkis Tourn, paciente y profunda estudiosa de nuestra historia, que ha analizado cada arribo de los diferentes grupos, nos dice que ni siquiera eso. El 25 de abril fue una llegada de un grupo, pero tampoco el m\u00e1s numeroso.<\/p>\n<p>Lo cierto es que acordamos esta fecha y nos sirve cada a\u00f1o para el homenaje a nuestros fundadores.<br \/>\nA mediados del siglo XIX, Suiza sufr\u00eda una grave crisis. Cund\u00eda el desempleo; los granjeros y peque\u00f1os productores rurales se fund\u00edan; los soldados mercenarios que regresaban desde distintos lugares de Europa ante la amenaza de perder la ciudadan\u00eda suiza, se encontraban con que no ten\u00edan capacitaci\u00f3n alguna para ganarse la vida de otra forma que no fuera con el uso de las armas. El hambre y la miseria amenazaban cada vez a m\u00e1s familias.<\/p>\n<p>En esa dif\u00edcil situaci\u00f3n, se produce la oportunidad de viajar a un ignoto paisito del otro lado del oc\u00e9ano. No era el llamado de la ambici\u00f3n para ir a \u201chacerse la Am\u00e9rica\u201d, sino el encendido de una luz de esperanza para salir de un presente miserable.<\/p>\n<p>As\u00ed llegaron entre 1861 y 1862, las familias de colonos que lejos de llegar a un para\u00edso, debieron soportar la dureza de un medio hostil, con muchos criollos que no se la hicieron f\u00e1ciles; con animales cimarrones que atacaban sus incipientes cultivos; con una sequ\u00eda hist\u00f3rica que intensific\u00f3 las dificultades de un clima desconocido; y finalmente la quiebra de la casa financiera suiza Siegrist y Fender.<\/p>\n<p>Las duras condiciones impuestas a los colonos fue un filtro que cerr\u00f3 las puertas a varios de los inmigrantes. Muchos de aquellos primeros aspirantes a colonos terminaron regresando a sus tierras o viajando a otros pa\u00edses de Am\u00e9rica.<br \/>\nLos que quedaron fueron templados por las pruebas y con su trabajo incansable, tesonero y generoso, prosperaron para asentar los cimientos de la Nueva Helvecia de hoy.<\/p>\n<p>Todo ese sacrificio inicial que trajo estas consecuencias, es lo que debemos agradecer a aquellos colonos que hoy recordamos.<br \/>\nHoy no es tiempos de festejos. Estamos muy preocupados por el d\u00eda a d\u00eda, con un futuro incierto. Por eso, esta fecha de recordaci\u00f3n debe llevarnos a la reflexi\u00f3n sobre nuestra responsabilidad individual de contribuir con nuestra conducta, a la lucha contra la pandemia que nos azota.<\/p>\n<p>Nueva Helvecia ha dado muestras una vez m\u00e1s, de su solidaridad, con varios movimientos que est\u00e1n trabajando para tender una mano generosa a los que necesitan sin demoras una ayuda.<br \/>\nPero tambi\u00e9n debemos ser cuidadosos en respetar todas las normas que las autoridades de gobierno y sanitarias han fijado, para que el da\u00f1o sea el menor posible.<\/p>\n<p>En homenaje a aquellos valientes y sacrificados colonos que hace m\u00e1s de un siglo y medio fundaron lo que es hoy nuestra ciudad, permanezcan en sus casas todos los que puedan hacerlo; y adoptemos todas las medidas de prevenci\u00f3n para evitar enfermarnos y contagiar, aquellos que no tenemos otra opci\u00f3n que salir.<\/p>\n<p>El ser respetuosos de las normas, responsables y cuid\u00e1ndonos a nosotros mismos y a los dem\u00e1s, es el mejor homenaje que podemos realizar hoy a nuestros antepasados.<\/p>\n<p>Muchas gracias.<\/p>\n<p>Saludos cordiales Fuerzas Vivas Colonia Suiza<\/p>\n<p>Presidente John Silveira<br \/>\nTesorera Valeria Schaffner<br \/>\nSecretario Federico Rodriguez<\/p>\n","protected":false},"excerpt":{"rendered":"<p>Hace m\u00e1s o menos un siglo y medio, los fundadores de nuestra colonia que a\u00fan permanec\u00edan aqu\u00ed asentados luego de muchas peripecias, comenzaron a pensar en celebrar la fundaci\u00f3n de Nueva Helvecia. El 21 de noviembre de 1861 hab\u00edan llegado los primeros adelantados, pero a la hora de reunirse para una celebraci\u00f3n, la fecha no [&hellip;]<\/p>\n","protected":false},"author":8,"featured_media":0,"comment_status":"closed","ping_status":"closed","sticky":false,"template":"","format":"standard","meta":[],"categories":[1],"tags":[],"_links":{"self":[{"href":"https:\/\/municipiodenuevahelvecia.com\/index.php?rest_route=\/wp\/v2\/posts\/1939"}],"collection":[{"href":"https:\/\/municipiodenuevahelvecia.com\/index.php?rest_route=\/wp\/v2\/posts"}],"about":[{"href":"https:\/\/municipiodenuevahelvecia.com\/index.php?rest_route=\/wp\/v2\/types\/post"}],"author":[{"embeddable":true,"href":"https:\/\/municipiodenuevahelvecia.com\/index.php?rest_route=\/wp\/v2\/users\/8"}],"replies":[{"embeddable":true,"href":"https:\/\/municipiodenuevahelvecia.com\/index.php?rest_route=%2Fwp%2Fv2%2Fcomments&post=1939"}],"version-history":[{"count":6,"href":"https:\/\/municipiodenuevahelvecia.com\/index.php?rest_route=\/wp\/v2\/posts\/1939\/revisions"}],"predecessor-version":[{"id":1946,"href":"https:\/\/municipiodenuevahelvecia.com\/index.php?rest_route=\/wp\/v2\/posts\/1939\/revisions\/1946"}],"wp:attachment":[{"href":"https:\/\/municipiodenuevahelvecia.com\/index.php?rest_route=%2Fwp%2Fv2%2Fmedia&parent=1939"}],"wp:term":[{"taxonomy":"category","embeddable":true,"href":"https:\/\/municipiodenuevahelvecia.com\/index.php?rest_route=%2Fwp%2Fv2%2Fcategories&post=1939"},{"taxonomy":"post_tag","embeddable":true,"href":"https:\/\/municipiodenuevahelvecia.com\/index.php?rest_route=%2Fwp%2Fv2%2Ftags&post=1939"}],"curies":[{"name":"wp","href":"https:\/\/api.w.org\/{rel}","templated":true}]}}