{"id":2075,"date":"2020-08-02T05:01:19","date_gmt":"2020-08-02T05:01:19","guid":{"rendered":"http:\/\/municipiodenuevahelvecia.com\/?p=2075"},"modified":"2020-11-30T19:46:36","modified_gmt":"2020-11-30T19:46:36","slug":"729-aniversario-del-pacto-de-la-confederacion-helvetica","status":"publish","type":"post","link":"https:\/\/municipiodenuevahelvecia.com\/?p=2075","title":{"rendered":"729 aniversario del Pacto de la confederaci\u00f3n Helv\u00e9tica"},"content":{"rendered":"<p>Acto por los 729 Aniversarios del Pacto de la Confederaci\u00f3n Helv\u00e9tica en Plaza de los Fundadores.<\/p>\n<div id='gallery-1' class='gallery galleryid-2075 gallery-columns-3 gallery-size-thumbnail'><figure class='gallery-item'>\n\t\t\t<div class='gallery-icon landscape'>\n\t\t\t\t<a href='https:\/\/municipiodenuevahelvecia.com\/?attachment_id=2077'><img width=\"150\" height=\"150\" src=\"https:\/\/municipiodenuevahelvecia.com\/wp-content\/uploads\/2020\/08\/98F96E0A-2DE9-4D1B-8B32-94D2AB293349-150x150.jpeg\" class=\"attachment-thumbnail size-thumbnail\" alt=\"\" decoding=\"async\" loading=\"lazy\" \/><\/a>\n\t\t\t<\/div><\/figure><figure class='gallery-item'>\n\t\t\t<div class='gallery-icon landscape'>\n\t\t\t\t<a href='https:\/\/municipiodenuevahelvecia.com\/?attachment_id=2076'><img width=\"150\" height=\"150\" src=\"https:\/\/municipiodenuevahelvecia.com\/wp-content\/uploads\/2020\/08\/7EDC2269-5E73-4951-B60E-72141EA2230E-150x150.jpeg\" class=\"attachment-thumbnail size-thumbnail\" alt=\"\" decoding=\"async\" loading=\"lazy\" srcset=\"https:\/\/municipiodenuevahelvecia.com\/wp-content\/uploads\/2020\/08\/7EDC2269-5E73-4951-B60E-72141EA2230E-150x150.jpeg 150w, https:\/\/municipiodenuevahelvecia.com\/wp-content\/uploads\/2020\/08\/7EDC2269-5E73-4951-B60E-72141EA2230E-300x300.jpeg 300w, https:\/\/municipiodenuevahelvecia.com\/wp-content\/uploads\/2020\/08\/7EDC2269-5E73-4951-B60E-72141EA2230E-768x768.jpeg 768w, https:\/\/municipiodenuevahelvecia.com\/wp-content\/uploads\/2020\/08\/7EDC2269-5E73-4951-B60E-72141EA2230E.jpeg 960w\" sizes=\"(max-width: 150px) 100vw, 150px\" \/><\/a>\n\t\t\t<\/div><\/figure><figure class='gallery-item'>\n\t\t\t<div class='gallery-icon portrait'>\n\t\t\t\t<a href='https:\/\/municipiodenuevahelvecia.com\/?attachment_id=2078'><img width=\"150\" height=\"150\" src=\"https:\/\/municipiodenuevahelvecia.com\/wp-content\/uploads\/2020\/08\/F3F52877-FD5B-4688-A525-7F9FF622FB95-150x150.jpeg\" class=\"attachment-thumbnail size-thumbnail\" alt=\"\" decoding=\"async\" loading=\"lazy\" \/><\/a>\n\t\t\t<\/div><\/figure>\n\t\t<\/div>\n\n<p>&nbsp;<\/p>\n","protected":false},"excerpt":{"rendered":"<p>Acto por los 729 Aniversarios del Pacto de la Confederaci\u00f3n Helv\u00e9tica en Plaza de los Fundadores. &nbsp;<\/p>\n","protected":false},"author":8,"featured_media":0,"comment_status":"closed","ping_status":"closed","sticky":false,"template":"","format":"standard","meta":[],"categories":[1],"tags":[],"_links":{"self":[{"href":"https:\/\/municipiodenuevahelvecia.com\/index.php?rest_route=\/wp\/v2\/posts\/2075"}],"collection":[{"href":"https:\/\/municipiodenuevahelvecia.com\/index.php?rest_route=\/wp\/v2\/posts"}],"about":[{"href":"https:\/\/municipiodenuevahelvecia.com\/index.php?rest_route=\/wp\/v2\/types\/post"}],"author":[{"embeddable":true,"href":"https:\/\/municipiodenuevahelvecia.com\/index.php?rest_route=\/wp\/v2\/users\/8"}],"replies":[{"embeddable":true,"href":"https:\/\/municipiodenuevahelvecia.com\/index.php?rest_route=%2Fwp%2Fv2%2Fcomments&post=2075"}],"version-history":[{"count":1,"href":"https:\/\/municipiodenuevahelvecia.com\/index.php?rest_route=\/wp\/v2\/posts\/2075\/revisions"}],"predecessor-version":[{"id":2079,"href":"https:\/\/municipiodenuevahelvecia.com\/index.php?rest_route=\/wp\/v2\/posts\/2075\/revisions\/2079"}],"wp:attachment":[{"href":"https:\/\/municipiodenuevahelvecia.com\/index.php?rest_route=%2Fwp%2Fv2%2Fmedia&parent=2075"}],"wp:term":[{"taxonomy":"category","embeddable":true,"href":"https:\/\/municipiodenuevahelvecia.com\/index.php?rest_route=%2Fwp%2Fv2%2Fcategories&post=2075"},{"taxonomy":"post_tag","embeddable":true,"href":"https:\/\/municipiodenuevahelvecia.com\/index.php?rest_route=%2Fwp%2Fv2%2Ftags&post=2075"}],"curies":[{"name":"wp","href":"https:\/\/api.w.org\/{rel}","templated":true}]}}