{"id":2099,"date":"2020-08-28T11:41:07","date_gmt":"2020-08-28T11:41:07","guid":{"rendered":"http:\/\/municipiodenuevahelvecia.com\/?p=2099"},"modified":"2020-11-30T19:46:36","modified_gmt":"2020-11-30T19:46:36","slug":"visita-del-embajador-de-paraguay","status":"publish","type":"post","link":"https:\/\/municipiodenuevahelvecia.com\/?p=2099","title":{"rendered":"Visita del Embajador de Paraguay"},"content":{"rendered":"<p>Nos vist\u00f3 el Embajador del Paraguay Rogelio Ben\u00edtez Vargas, se habl\u00f3 del municipalismo, intercambio de experiencias, cooperaci\u00f3n y articulaci\u00f3n entre ambos pa\u00edses.<\/p>\n<hr \/>\n<div id='gallery-1' class='gallery galleryid-2099 gallery-columns-3 gallery-size-thumbnail'><figure class='gallery-item'>\n\t\t\t<div class='gallery-icon portrait'>\n\t\t\t\t<a href='https:\/\/municipiodenuevahelvecia.com\/?attachment_id=2100'><img width=\"150\" height=\"150\" src=\"https:\/\/municipiodenuevahelvecia.com\/wp-content\/uploads\/2020\/09\/5C2A026B-2AC7-4348-8041-1BA303BCD453-150x150.jpeg\" class=\"attachment-thumbnail size-thumbnail\" alt=\"\" decoding=\"async\" loading=\"lazy\" \/><\/a>\n\t\t\t<\/div><\/figure><figure class='gallery-item'>\n\t\t\t<div class='gallery-icon portrait'>\n\t\t\t\t<a href='https:\/\/municipiodenuevahelvecia.com\/?attachment_id=2102'><img width=\"150\" height=\"150\" src=\"https:\/\/municipiodenuevahelvecia.com\/wp-content\/uploads\/2020\/09\/97D81A57-CE2B-4B17-AC7F-50AB32FEC833-150x150.jpeg\" class=\"attachment-thumbnail size-thumbnail\" alt=\"\" decoding=\"async\" loading=\"lazy\" \/><\/a>\n\t\t\t<\/div><\/figure><figure class='gallery-item'>\n\t\t\t<div class='gallery-icon portrait'>\n\t\t\t\t<a href='https:\/\/municipiodenuevahelvecia.com\/?attachment_id=2101'><img width=\"150\" height=\"150\" src=\"https:\/\/municipiodenuevahelvecia.com\/wp-content\/uploads\/2020\/09\/BB615969-B1A4-4E61-8ACB-689525A9FB71-150x150.jpeg\" class=\"attachment-thumbnail size-thumbnail\" alt=\"\" decoding=\"async\" loading=\"lazy\" \/><\/a>\n\t\t\t<\/div><\/figure>\n\t\t<\/div>\n\n","protected":false},"excerpt":{"rendered":"<p>Nos vist\u00f3 el Embajador del Paraguay Rogelio Ben\u00edtez Vargas, se habl\u00f3 del municipalismo, intercambio de experiencias, cooperaci\u00f3n y articulaci\u00f3n entre ambos pa\u00edses.<\/p>\n","protected":false},"author":8,"featured_media":0,"comment_status":"closed","ping_status":"closed","sticky":false,"template":"","format":"standard","meta":[],"categories":[1],"tags":[],"_links":{"self":[{"href":"https:\/\/municipiodenuevahelvecia.com\/index.php?rest_route=\/wp\/v2\/posts\/2099"}],"collection":[{"href":"https:\/\/municipiodenuevahelvecia.com\/index.php?rest_route=\/wp\/v2\/posts"}],"about":[{"href":"https:\/\/municipiodenuevahelvecia.com\/index.php?rest_route=\/wp\/v2\/types\/post"}],"author":[{"embeddable":true,"href":"https:\/\/municipiodenuevahelvecia.com\/index.php?rest_route=\/wp\/v2\/users\/8"}],"replies":[{"embeddable":true,"href":"https:\/\/municipiodenuevahelvecia.com\/index.php?rest_route=%2Fwp%2Fv2%2Fcomments&post=2099"}],"version-history":[{"count":1,"href":"https:\/\/municipiodenuevahelvecia.com\/index.php?rest_route=\/wp\/v2\/posts\/2099\/revisions"}],"predecessor-version":[{"id":2103,"href":"https:\/\/municipiodenuevahelvecia.com\/index.php?rest_route=\/wp\/v2\/posts\/2099\/revisions\/2103"}],"wp:attachment":[{"href":"https:\/\/municipiodenuevahelvecia.com\/index.php?rest_route=%2Fwp%2Fv2%2Fmedia&parent=2099"}],"wp:term":[{"taxonomy":"category","embeddable":true,"href":"https:\/\/municipiodenuevahelvecia.com\/index.php?rest_route=%2Fwp%2Fv2%2Fcategories&post=2099"},{"taxonomy":"post_tag","embeddable":true,"href":"https:\/\/municipiodenuevahelvecia.com\/index.php?rest_route=%2Fwp%2Fv2%2Ftags&post=2099"}],"curies":[{"name":"wp","href":"https:\/\/api.w.org\/{rel}","templated":true}]}}