{"id":2757,"date":"2022-10-24T05:16:32","date_gmt":"2022-10-24T05:16:32","guid":{"rendered":"http:\/\/municipiodenuevahelvecia.com\/?p=2757"},"modified":"2022-10-24T05:16:35","modified_gmt":"2022-10-24T05:16:35","slug":"firma-de-hermanamiento-con-la-ciudad-alemana-de-neuhaus-am-rennweg","status":"publish","type":"post","link":"https:\/\/municipiodenuevahelvecia.com\/?p=2757","title":{"rendered":"Firma de hermanamiento con la ciudad alemana de Neuhaus am Rennweg"},"content":{"rendered":"\n<p>El lunes 17 en la Colonia Suiza &#8211; Nueva Helvecia se firm\u00f3 un Hermanamiento con la ciudad alemana de Neuhaus am Rennweg, hist\u00f3rico no solo por ser el primero con la Rep\u00fablica Federal de Alemania sino por la importancia de la potencial cooperaci\u00f3n a futuro.<\/p>\n\n\n\n<p>En la delegaci\u00f3n de Alemania particip\u00f3 el Vicepresidente del Parlamento de Turingia Sr. Henry Worm promotor del mismo, Uwe Scheler Alcalde de Neuhaus am Rennweg. Acompa\u00f1ados por el Director de KAS Sebasti\u00e1n Grundberger y el Embajador de Alemania Sr. Eugen Wollfarth<\/p>\n\n\n\n<p>El Sr. Intendente de Colonia Carlos Moreira destac\u00f3 la importancia al igual que la Coordinadora de Descentralizaci\u00f3n Mar\u00eda de Lima.<\/p>\n\n\n\n<figure class=\"wp-block-gallery columns-2 is-cropped wp-block-gallery-1 is-layout-flex\"><ul class=\"blocks-gallery-grid\"><li class=\"blocks-gallery-item\"><figure><img decoding=\"async\" loading=\"lazy\" width=\"768\" height=\"1024\" src=\"http:\/\/municipiodenuevahelvecia.com\/wp-content\/uploads\/2022\/10\/WhatsApp-Image-2022-10-22-at-11.51.13-AM-768x1024.jpeg\" alt=\"\" data-id=\"2759\" data-full-url=\"http:\/\/municipiodenuevahelvecia.com\/wp-content\/uploads\/2022\/10\/WhatsApp-Image-2022-10-22-at-11.51.13-AM.jpeg\" data-link=\"http:\/\/municipiodenuevahelvecia.com\/?attachment_id=2759\" class=\"wp-image-2759\" srcset=\"https:\/\/municipiodenuevahelvecia.com\/wp-content\/uploads\/2022\/10\/WhatsApp-Image-2022-10-22-at-11.51.13-AM-768x1024.jpeg 768w, https:\/\/municipiodenuevahelvecia.com\/wp-content\/uploads\/2022\/10\/WhatsApp-Image-2022-10-22-at-11.51.13-AM-225x300.jpeg 225w, https:\/\/municipiodenuevahelvecia.com\/wp-content\/uploads\/2022\/10\/WhatsApp-Image-2022-10-22-at-11.51.13-AM-1152x1536.jpeg 1152w, https:\/\/municipiodenuevahelvecia.com\/wp-content\/uploads\/2022\/10\/WhatsApp-Image-2022-10-22-at-11.51.13-AM.jpeg 1536w\" sizes=\"(max-width: 768px) 100vw, 768px\" \/><\/figure><\/li><li class=\"blocks-gallery-item\"><figure><img decoding=\"async\" loading=\"lazy\" width=\"1024\" height=\"768\" src=\"http:\/\/municipiodenuevahelvecia.com\/wp-content\/uploads\/2022\/10\/WhatsApp-Image-2022-10-22-at-11.51.14-AM-1024x768.jpeg\" alt=\"\" data-id=\"2758\" data-full-url=\"http:\/\/municipiodenuevahelvecia.com\/wp-content\/uploads\/2022\/10\/WhatsApp-Image-2022-10-22-at-11.51.14-AM.jpeg\" data-link=\"http:\/\/municipiodenuevahelvecia.com\/?attachment_id=2758\" class=\"wp-image-2758\" srcset=\"https:\/\/municipiodenuevahelvecia.com\/wp-content\/uploads\/2022\/10\/WhatsApp-Image-2022-10-22-at-11.51.14-AM-1024x768.jpeg 1024w, https:\/\/municipiodenuevahelvecia.com\/wp-content\/uploads\/2022\/10\/WhatsApp-Image-2022-10-22-at-11.51.14-AM-400x300.jpeg 400w, https:\/\/municipiodenuevahelvecia.com\/wp-content\/uploads\/2022\/10\/WhatsApp-Image-2022-10-22-at-11.51.14-AM-768x576.jpeg 768w, https:\/\/municipiodenuevahelvecia.com\/wp-content\/uploads\/2022\/10\/WhatsApp-Image-2022-10-22-at-11.51.14-AM-1536x1152.jpeg 1536w, https:\/\/municipiodenuevahelvecia.com\/wp-content\/uploads\/2022\/10\/WhatsApp-Image-2022-10-22-at-11.51.14-AM.jpeg 2048w\" sizes=\"(max-width: 1024px) 100vw, 1024px\" \/><\/figure><\/li><\/ul><\/figure>\n","protected":false},"excerpt":{"rendered":"<p>El lunes 17 en la Colonia Suiza &#8211; Nueva Helvecia se firm\u00f3 un Hermanamiento con la ciudad alemana de Neuhaus am Rennweg, hist\u00f3rico no solo por ser el primero con la Rep\u00fablica Federal de Alemania sino por la importancia de la potencial cooperaci\u00f3n a futuro. En la delegaci\u00f3n de Alemania particip\u00f3 el Vicepresidente del Parlamento [&hellip;]<\/p>\n","protected":false},"author":10,"featured_media":2760,"comment_status":"closed","ping_status":"closed","sticky":false,"template":"","format":"standard","meta":[],"categories":[1],"tags":[],"_links":{"self":[{"href":"https:\/\/municipiodenuevahelvecia.com\/index.php?rest_route=\/wp\/v2\/posts\/2757"}],"collection":[{"href":"https:\/\/municipiodenuevahelvecia.com\/index.php?rest_route=\/wp\/v2\/posts"}],"about":[{"href":"https:\/\/municipiodenuevahelvecia.com\/index.php?rest_route=\/wp\/v2\/types\/post"}],"author":[{"embeddable":true,"href":"https:\/\/municipiodenuevahelvecia.com\/index.php?rest_route=\/wp\/v2\/users\/10"}],"replies":[{"embeddable":true,"href":"https:\/\/municipiodenuevahelvecia.com\/index.php?rest_route=%2Fwp%2Fv2%2Fcomments&post=2757"}],"version-history":[{"count":1,"href":"https:\/\/municipiodenuevahelvecia.com\/index.php?rest_route=\/wp\/v2\/posts\/2757\/revisions"}],"predecessor-version":[{"id":2761,"href":"https:\/\/municipiodenuevahelvecia.com\/index.php?rest_route=\/wp\/v2\/posts\/2757\/revisions\/2761"}],"wp:featuredmedia":[{"embeddable":true,"href":"https:\/\/municipiodenuevahelvecia.com\/index.php?rest_route=\/wp\/v2\/media\/2760"}],"wp:attachment":[{"href":"https:\/\/municipiodenuevahelvecia.com\/index.php?rest_route=%2Fwp%2Fv2%2Fmedia&parent=2757"}],"wp:term":[{"taxonomy":"category","embeddable":true,"href":"https:\/\/municipiodenuevahelvecia.com\/index.php?rest_route=%2Fwp%2Fv2%2Fcategories&post=2757"},{"taxonomy":"post_tag","embeddable":true,"href":"https:\/\/municipiodenuevahelvecia.com\/index.php?rest_route=%2Fwp%2Fv2%2Ftags&post=2757"}],"curies":[{"name":"wp","href":"https:\/\/api.w.org\/{rel}","templated":true}]}}