{"id":358,"date":"2014-08-21T14:42:26","date_gmt":"2014-08-21T14:42:26","guid":{"rendered":"http:\/\/municipiodenuevahelvecia.com\/?p=358"},"modified":"2020-04-26T18:18:11","modified_gmt":"2020-04-26T18:18:11","slug":"cursos-regionales-de-educacion-ambiental-renea-2014","status":"publish","type":"post","link":"https:\/\/municipiodenuevahelvecia.com\/?p=358","title":{"rendered":"CURSOS REGIONALES DE EDUCACI\u00d3N AMBIENTAL RENEA- 2014"},"content":{"rendered":"<p>OBJETIVOS:<br \/>\n\uf0b7 Capacitar en Educaci\u00f3n Ambiental a educadores formales y no formales de la ReNEA de 10 departamentos mediante talleres presenciales<br \/>\n\uf0b7 Utilizar el eje conceptual AGUA tanto por sus aspectos t\u00e9cnico-ambientales como por sus potencialidades did\u00e1cticas<br \/>\n\uf0b7 Generar peque\u00f1os n\u00facleos regionales de la ReNEA<\/p>\n<p>METODOLOG\u00cdA:<br \/>\nSe realizar\u00e1n cinco talleres, cada uno con 4 m\u00f3dulos en dos fines de semana, viernes de 14 a 20 y s\u00e1bados de 9 a 19hs, con un total de 32hs presenciales. Se repartir\u00e1n materiales fotocopiados y on line. Se prev\u00e9n para los participantes alojamientos para los que deban viajar y comidas (cena, desayuno y almuerzo). Las inscripciones se realizar\u00e1n enviando la ficha adjunta a eduambiental@mec.gub.uy. En cada localidad habr\u00e1 un total de 60 participantes, designados por sus organismos y provenientes de los dos departamentos correspondientes, los organismos convocados ser\u00e1n los siguientes:<\/p>\n<p>\uf0b7 CEIP<br \/>\n\uf0b7 CES<br \/>\n\uf0b7 CETP-UTU<br \/>\n\uf0b7 CFE<br \/>\n\uf0b7 UDELAR<br \/>\n\uf0b7 INTENDENCIAS<br \/>\n\uf0b7 MEC<br \/>\n\uf0b7 MVOTMA<br \/>\n\uf0b7 SOCIEDAD CIVIL<\/p>\n<p>PROGRAMA<br \/>\nM\u00d3DULO 1: 6hs EDUCACI\u00d3N AMBIENTAL<br \/>\nDocentes: Ana Dom\u00ednguez-Luc\u00eda Elu\u00e9n<br \/>\nTemario:<br \/>\n1. Conceptos de EA<br \/>\n2. Cometidos y desaf\u00edos de la EA<br \/>\n3. Historia mundial y nacional de la EA<\/p>\n<p>M\u00d3DULO 2: 10 hs EDUCACI\u00d3N AMBIENTAL<br \/>\nDocentes: Ana Dom\u00ednguez-Luc\u00eda Elu\u00e9n-Laura Barcia<br \/>\nTemario:<br \/>\n1. Tipos de EA seg\u00fan Sauv\u00e9<br \/>\n2. Qu\u00e9 es y qu\u00e9 no es hacer EA<br \/>\n3. El educador ambiental \u2013 Ciudadan\u00eda Ambiental<br \/>\n4. Impacto en la salud<br \/>\n5. La pedagog\u00eda del Agua<br \/>\n6. La Comisi\u00f3n por la Defensa de la Vida y el Agua<br \/>\n7. Ley nacional de Aguas-Consejos regionales<\/p>\n<p>M\u00d3DULO 3: 6 hs AGUA<br \/>\nDocentes: Carlos Anido<br \/>\nTemario:<br \/>\n1. Ciclo hidrol\u00f3gico<br \/>\n2. Interferencias en el ciclo hidrol\u00f3gico<br \/>\n3. Usos del agua: fuentes, vol\u00famenes y calidad<br \/>\n4. Situaci\u00f3n ambiental del recurso<br \/>\n5. Importancia seg\u00fan distintos sectores: consumo humano, agricultura, drenaje, energ\u00eda y recreaci\u00f3n<br \/>\n6. Diagn\u00f3stico, Monitoreo y Prevenci\u00f3n<\/p>\n<p>M\u00d3DULO 4: 10hs AGUA Y PROBLEMAS AMBIENTALES LOCALES<br \/>\nDocentes: Fernando Pesce<br \/>\nTemario:<br \/>\n1. Identificaci\u00f3n de problemas ambientales locales<br \/>\n2. Agua y problemas urbanos (saneamiento, aprovisionamiento)<br \/>\n3. Agua en el medio rural<br \/>\n4. Monitoreo participativo<\/p>\n<p>CALENDARIO:<\/p>\n<p>COLONIA y SAN JOS\u00c9<\/p>\n<p>LUGAR: Casa de la Cultura: Rivera 346<\/p>\n<p>Comida: Merienda\/cena\/desayuno\/almuerzo\/<\/p>\n<p>5\/9\u00a0AGUA<\/p>\n<p>CARLOS ANIDO<br \/>\n6 hs<br \/>\n6\/9<br \/>\nAGUA<br \/>\nFERNANDO PESCE<br \/>\n10 hs<br \/>\n19\/9<br \/>\nEDUCACI\u00d3N AMBIENTAL<br \/>\nANA DOM\u00cdNGUEZ<br \/>\nLUC\u00cdA ELU\u00c9N<br \/>\nLAURA BARCIA<br \/>\n6 hs<br \/>\n20\/9<br \/>\nEDUCACI\u00d3N AMBIENTAL<br \/>\nANA DOM\u00cdNGUEZ<br \/>\nLUC\u00cdA ELU\u00c9N<br \/>\nLAURA BARCIA<br \/>\n10 hs<\/p>\n<p><em id=\"__mceDel\">CRONOGRAMA<br \/>\nVIERNES 5 Y S\u00c1BADO 6 DE SETIEMBRE<\/p>\n<p>5\/9<br \/>\n14 A 17:00<br \/>\n<\/em><\/p>\n<p><em id=\"__mceDel\">M\u00d3DULO 3: AGUA<br \/>\n1. Ciclo hidrol\u00f3gico<br \/>\n2.Interferencias en el ciclo hidrol\u00f3gico<br \/>\nCarlos Anido<br \/>\n17:00 a 17:30<br \/>\nPausa Caf\u00e9<br \/>\n17:30 a 20:00<br \/>\n3. Usos del agua: fuentes, vol\u00famenes y calidad<br \/>\n4. Concepto de Cuenca como unidad territorial<br \/>\n5.Situaci\u00f3n ambiental del recurso<br \/>\n<\/em><\/p>\n<p><em id=\"__mceDel\">M\u00d3DULO 3: AGUA<br \/>\n6. Importancia seg\u00fan distintos sectores: consumo humano, agricultura, drenaje, energ\u00eda y recreaci\u00f3n<br \/>\n7. Diagn\u00f3stico, Monitoreo y Prevenci\u00f3n<br \/>\nCarlos Anido<br \/>\n20:00<br \/>\n<\/em><\/p>\n<p><em id=\"__mceDel\">Cena<\/em><\/p>\n<p><em id=\"__mceDel\">6\/9<br \/>\n8:30 a 9:00<br \/>\nDesayuno<br \/>\n9:00 a 12:30<br \/>\n<\/em><\/p>\n<p><em id=\"__mceDel\">M\u00d3DULO 4: AGUA Y PROBLEMAS AMBIENTALES LOCALES<br \/>\n1. Identificaci\u00f3n de problemas ambientales locales<br \/>\nFernando Pesce<br \/>\n<\/em><\/p>\n<p><em id=\"__mceDel\">12:30 a 14:00<\/em><\/p>\n<p><em id=\"__mceDel\"><\/em><em id=\"__mceDel\"><em id=\"__mceDel\">Almuerzo<\/em><\/em><\/p>\n<p><em id=\"__mceDel\"><em id=\"__mceDel\">14:00 a 18:00<br \/>\n2. Agua y problemas urbanos (saneamiento, aprovisionamiento)<br \/>\n3. Agua en el medio rural<br \/>\nFernando Pesce<br \/>\n<\/em><\/em><\/p>\n<p><em id=\"__mceDel\"><em id=\"__mceDel\">VIERNES 19 Y S\u00c1BADO 20 DE SETIEMBRE<br \/>\n19\/9<br \/>\n14:00<br \/>\nPresentaci\u00f3n del Curso<br \/>\nLaura Barcia<br \/>\n14:30 A 17:00<br \/>\n<\/em><\/em><\/p>\n<p><em id=\"__mceDel\"><em id=\"__mceDel\">M\u00d3DULO 1: EDUCACI\u00d3N AMBIENTAL<br \/>\n1. Conceptos de EA<br \/>\n2. Cometidos y desaf\u00edos de la EA<br \/>\n3. Tipos de EA seg\u00fan Sauv\u00e9<br \/>\nAna Dominguez<br \/>\nAna Dominguez<br \/>\nLuc\u00eda Elu\u00e9n<br \/>\n17:00 a 17:30<br \/>\nPausa Caf\u00e9<br \/>\n17:30 a 20:00<br \/>\n<\/em><\/em><\/p>\n<p><em id=\"__mceDel\"><em id=\"__mceDel\">M\u00d3DULO 2: EDUCACI\u00d3N AMBIENTAL<br \/>\n3.Historia mundial y nacional de la EA<br \/>\n10.La pedagog\u00eda del Agua<br \/>\nLuc\u00eda Elu\u00e9n<br \/>\nAna Dominguez<br \/>\n20:00<br \/>\nCena<\/p>\n<p>20\/9<br \/>\n8:30 a 9:00<br \/>\nDesayuno<br \/>\n9:00 a 12:30<br \/>\n<\/em><\/em><\/p>\n<p><em id=\"__mceDel\"><em id=\"__mceDel\">M\u00d3DULO 2: EDUCACI\u00d3N AMBIENTAL<br \/>\n4. La pedagog\u00eda del Agua<br \/>\n5. La Comisi\u00f3n por la Defensa de la Vida y el Agua<br \/>\n6. Ley nacional de Aguas-Consejos regionales<br \/>\nAna Dominguez<br \/>\n12:30 a 14:00<br \/>\nAlmuerzo<br \/>\n14:00 a 18:00<br \/>\n<\/em><\/em><\/p>\n<p><em id=\"__mceDel\"><em id=\"__mceDel\">M\u00d3DULO 2: EDUCACI\u00d3N AMBIENTAL<br \/>\n7. Qu\u00e9 es y qu\u00e9 no es hacer EA<br \/>\n8. El educador ambiental \u2013 Ciudadan\u00eda Ambiental<br \/>\nLaura Barcia<\/em><\/em><\/p>\n<p><a href=\"http:\/\/municipiodenuevahelvecia.com\/wp-content\/uploads\/2014\/08\/Ficha-de-inscripci\u00f3n-cursos-1-1.doc\">Ficha de inscripci\u00f3n cursos<\/a><\/p>\n","protected":false},"excerpt":{"rendered":"<p>OBJETIVOS: \uf0b7 Capacitar en Educaci\u00f3n Ambiental a educadores formales y no formales de la ReNEA de 10 departamentos mediante talleres presenciales \uf0b7 Utilizar el eje conceptual AGUA tanto por sus aspectos t\u00e9cnico-ambientales como por sus potencialidades did\u00e1cticas \uf0b7 Generar peque\u00f1os n\u00facleos regionales de la ReNEA METODOLOG\u00cdA: Se realizar\u00e1n cinco talleres, cada uno con 4 m\u00f3dulos [&hellip;]<\/p>\n","protected":false},"author":8,"featured_media":0,"comment_status":"closed","ping_status":"open","sticky":false,"template":"","format":"standard","meta":[],"categories":[1],"tags":[],"_links":{"self":[{"href":"https:\/\/municipiodenuevahelvecia.com\/index.php?rest_route=\/wp\/v2\/posts\/358"}],"collection":[{"href":"https:\/\/municipiodenuevahelvecia.com\/index.php?rest_route=\/wp\/v2\/posts"}],"about":[{"href":"https:\/\/municipiodenuevahelvecia.com\/index.php?rest_route=\/wp\/v2\/types\/post"}],"author":[{"embeddable":true,"href":"https:\/\/municipiodenuevahelvecia.com\/index.php?rest_route=\/wp\/v2\/users\/8"}],"replies":[{"embeddable":true,"href":"https:\/\/municipiodenuevahelvecia.com\/index.php?rest_route=%2Fwp%2Fv2%2Fcomments&post=358"}],"version-history":[{"count":5,"href":"https:\/\/municipiodenuevahelvecia.com\/index.php?rest_route=\/wp\/v2\/posts\/358\/revisions"}],"predecessor-version":[{"id":365,"href":"https:\/\/municipiodenuevahelvecia.com\/index.php?rest_route=\/wp\/v2\/posts\/358\/revisions\/365"}],"wp:attachment":[{"href":"https:\/\/municipiodenuevahelvecia.com\/index.php?rest_route=%2Fwp%2Fv2%2Fmedia&parent=358"}],"wp:term":[{"taxonomy":"category","embeddable":true,"href":"https:\/\/municipiodenuevahelvecia.com\/index.php?rest_route=%2Fwp%2Fv2%2Fcategories&post=358"},{"taxonomy":"post_tag","embeddable":true,"href":"https:\/\/municipiodenuevahelvecia.com\/index.php?rest_route=%2Fwp%2Fv2%2Ftags&post=358"}],"curies":[{"name":"wp","href":"https:\/\/api.w.org\/{rel}","templated":true}]}}