{"id":374,"date":"2014-09-19T14:52:54","date_gmt":"2014-09-19T14:52:54","guid":{"rendered":"http:\/\/municipiodenuevahelvecia.com\/?p=374"},"modified":"2020-04-26T18:18:11","modified_gmt":"2020-04-26T18:18:11","slug":"municipio-de-nueva-helvecia-presente-en-el-bit","status":"publish","type":"post","link":"https:\/\/municipiodenuevahelvecia.com\/?p=374","title":{"rendered":"Municipio de Nueva Helvecia presente en el BIT"},"content":{"rendered":"<p>El Municipio de Nueva Helvecia en conjunto con la Intendencia de Colonia y RR.PP., en el d\u00eda de ayer<br \/>\nrecibieron la visita en la capital Departamental en el Centro de Bienvenida,\u00a0 Interpretaci\u00f3n y Turismo (BIT) al Intendente de Villa Gral. Belgrano- Cordoba -Argentina\u00a0Sr. Gustavo Ezequiel Medina junto a los Directores de Cultura y Eventos y Turismo \u00a0Sres. Antonio Bello y Mariano Cueto.<br \/>\nPromocionando la 51 edici\u00f3n de la Fiesta Nacional de la Cerveza- Oktoberfest 2014 que se llevar\u00e1 a cabo del 3 al 13 de octubre pr\u00f3ximo, que re\u00fane a miles de turistas de diferentes lugares.<br \/>\n\u00a0<br \/>\nParticiparon en la misma el Secretario Gral de la Intendencia Esc. Pablo Manitto, la Directora de Turismo\u00a0 Contadora Mariela Zubizarreta y la Alcaldesa de Nueva Helvecia Maria de Lima.<br \/>\n\u00a0<br \/>\nHicieron la presentaci\u00f3n con folleter\u00eda,\u00a0en video lo que es\u00a0dicha fiesta ,la tradici\u00f3n en desfile, conjuntos musicales\u00a0con trajes t\u00edpicos de todas las naciones participantes y de colectividades, gastronom\u00eda\u00a0 siendo su deseo de\u00a0confraternizar con pa\u00edses hermanos como Uruguay en especial la participaci\u00f3n de conjuntos de danzas Alpinas de Nueva Helvecia invitadas a este evento como Los Alegres Alpinos y Alpenveilchen con la Reina de Nueva Helvecia e integrantes del Movimiento Nuevas Generaciones que estar\u00e1n participando en los d\u00edas venideros. La delegaci\u00f3n Cordobesa se traslad\u00f3 hacia&nbsp; Nueva Helvecia recorriendo lugares de inter\u00e9s.<\/p>\n<p><a href=\"http:\/\/municipiodenuevahelvecia.com\/wp-content\/uploads\/2014\/09\/wpid-wp-1411138348043.jpeg\"><img decoding=\"async\" title=\"wp-1411138348043\" class=\"alignnone size-full\" alt=\"image\" src=\"http:\/\/municipiodenuevahelvecia.com\/wp-content\/uploads\/2014\/09\/wpid-wp-1411138348043.jpeg\" \/><\/a><\/p>\n","protected":false},"excerpt":{"rendered":"<p>El Municipio de Nueva Helvecia en conjunto con la Intendencia de Colonia y RR.PP., en el d\u00eda de ayer recibieron la visita en la capital Departamental en el Centro de Bienvenida,\u00a0 Interpretaci\u00f3n y Turismo (BIT) al Intendente de Villa Gral. Belgrano- Cordoba -Argentina\u00a0Sr. Gustavo Ezequiel Medina junto a los Directores de Cultura y Eventos y [&hellip;]<\/p>\n","protected":false},"author":8,"featured_media":0,"comment_status":"closed","ping_status":"open","sticky":false,"template":"","format":"standard","meta":[],"categories":[1],"tags":[],"_links":{"self":[{"href":"https:\/\/municipiodenuevahelvecia.com\/index.php?rest_route=\/wp\/v2\/posts\/374"}],"collection":[{"href":"https:\/\/municipiodenuevahelvecia.com\/index.php?rest_route=\/wp\/v2\/posts"}],"about":[{"href":"https:\/\/municipiodenuevahelvecia.com\/index.php?rest_route=\/wp\/v2\/types\/post"}],"author":[{"embeddable":true,"href":"https:\/\/municipiodenuevahelvecia.com\/index.php?rest_route=\/wp\/v2\/users\/8"}],"replies":[{"embeddable":true,"href":"https:\/\/municipiodenuevahelvecia.com\/index.php?rest_route=%2Fwp%2Fv2%2Fcomments&post=374"}],"version-history":[{"count":1,"href":"https:\/\/municipiodenuevahelvecia.com\/index.php?rest_route=\/wp\/v2\/posts\/374\/revisions"}],"predecessor-version":[{"id":2031,"href":"https:\/\/municipiodenuevahelvecia.com\/index.php?rest_route=\/wp\/v2\/posts\/374\/revisions\/2031"}],"wp:attachment":[{"href":"https:\/\/municipiodenuevahelvecia.com\/index.php?rest_route=%2Fwp%2Fv2%2Fmedia&parent=374"}],"wp:term":[{"taxonomy":"category","embeddable":true,"href":"https:\/\/municipiodenuevahelvecia.com\/index.php?rest_route=%2Fwp%2Fv2%2Fcategories&post=374"},{"taxonomy":"post_tag","embeddable":true,"href":"https:\/\/municipiodenuevahelvecia.com\/index.php?rest_route=%2Fwp%2Fv2%2Ftags&post=374"}],"curies":[{"name":"wp","href":"https:\/\/api.w.org\/{rel}","templated":true}]}}