{"id":3983,"date":"2022-12-08T06:47:00","date_gmt":"2022-12-08T06:47:00","guid":{"rendered":"http:\/\/municipiodenuevahelvecia.com\/?p=3983"},"modified":"2022-12-19T06:50:31","modified_gmt":"2022-12-19T06:50:31","slug":"3983","status":"publish","type":"post","link":"https:\/\/municipiodenuevahelvecia.com\/?p=3983","title":{"rendered":"Mercado Navide\u00f1o"},"content":{"rendered":"\n<p>Extendemos invitaci\u00f3n para este pr\u00f3ximo s\u00e1bado 17 desde las 19 horas.\u2002\u2002-Mercado Navide\u00f1o\u00a0\u00a0a cargo del grupo de artesanos del Mercado Artesanal \u201cMi casa, la tuya\u201d con mas de 100 artesanos de la zona que estar\u00e1n mostrando y vendiendo sus trabajos, con la calidad y simpat\u00eda a los que ya nos tienen acostumbrados.\u00a0<\/p>\n\n\n\n<p>Concierto navide\u00f1o:\u00a0\u00a0A cargo del Coro Concordia, que nos estar\u00e1 adem\u00e1s acercando algunas sorpresas. Contaremos adem\u00e1s con la presencia de Pap\u00e1 Noel y una urna donde los ni\u00f1os podr\u00e1n acercar sus cartitas. <\/p>\n\n\n\n<p>&nbsp;Dr. Marcelo Alonso HallerAlcalde de Nueva Helvecia<\/p>\n","protected":false},"excerpt":{"rendered":"<p>Extendemos invitaci\u00f3n para este pr\u00f3ximo s\u00e1bado 17 desde las 19 horas.\u2002\u2002-Mercado Navide\u00f1o\u00a0\u00a0a cargo del grupo de artesanos del Mercado Artesanal \u201cMi casa, la tuya\u201d con mas de 100 artesanos de la zona que estar\u00e1n mostrando y vendiendo sus trabajos, con la calidad y simpat\u00eda a los que ya nos tienen acostumbrados.\u00a0 Concierto navide\u00f1o:\u00a0\u00a0A cargo del [&hellip;]<\/p>\n","protected":false},"author":10,"featured_media":3984,"comment_status":"closed","ping_status":"closed","sticky":false,"template":"","format":"standard","meta":[],"categories":[1],"tags":[],"_links":{"self":[{"href":"https:\/\/municipiodenuevahelvecia.com\/index.php?rest_route=\/wp\/v2\/posts\/3983"}],"collection":[{"href":"https:\/\/municipiodenuevahelvecia.com\/index.php?rest_route=\/wp\/v2\/posts"}],"about":[{"href":"https:\/\/municipiodenuevahelvecia.com\/index.php?rest_route=\/wp\/v2\/types\/post"}],"author":[{"embeddable":true,"href":"https:\/\/municipiodenuevahelvecia.com\/index.php?rest_route=\/wp\/v2\/users\/10"}],"replies":[{"embeddable":true,"href":"https:\/\/municipiodenuevahelvecia.com\/index.php?rest_route=%2Fwp%2Fv2%2Fcomments&post=3983"}],"version-history":[{"count":2,"href":"https:\/\/municipiodenuevahelvecia.com\/index.php?rest_route=\/wp\/v2\/posts\/3983\/revisions"}],"predecessor-version":[{"id":3986,"href":"https:\/\/municipiodenuevahelvecia.com\/index.php?rest_route=\/wp\/v2\/posts\/3983\/revisions\/3986"}],"wp:featuredmedia":[{"embeddable":true,"href":"https:\/\/municipiodenuevahelvecia.com\/index.php?rest_route=\/wp\/v2\/media\/3984"}],"wp:attachment":[{"href":"https:\/\/municipiodenuevahelvecia.com\/index.php?rest_route=%2Fwp%2Fv2%2Fmedia&parent=3983"}],"wp:term":[{"taxonomy":"category","embeddable":true,"href":"https:\/\/municipiodenuevahelvecia.com\/index.php?rest_route=%2Fwp%2Fv2%2Fcategories&post=3983"},{"taxonomy":"post_tag","embeddable":true,"href":"https:\/\/municipiodenuevahelvecia.com\/index.php?rest_route=%2Fwp%2Fv2%2Ftags&post=3983"}],"curies":[{"name":"wp","href":"https:\/\/api.w.org\/{rel}","templated":true}]}}