{"id":4047,"date":"2023-03-08T03:59:00","date_gmt":"2023-03-08T03:59:00","guid":{"rendered":"http:\/\/municipiodenuevahelvecia.com\/?p=4047"},"modified":"2023-03-21T04:01:19","modified_gmt":"2023-03-21T04:01:19","slug":"dia-internacional-de-la-mujer-2","status":"publish","type":"post","link":"https:\/\/municipiodenuevahelvecia.com\/?p=4047","title":{"rendered":"D\u00eda Internacional de la Mujer"},"content":{"rendered":"\n<p>En conmemoraci\u00f3n de<em>l \u00abD\u00eda Internacional de la Mujer\u00bb<\/em>\u00a0nuestro equipo saluda a todas las mujeres y ni\u00f1as en su d\u00eda, dese\u00e1ndoles que hoy y siempre sean respetadas, reconocidas y valoradas.\u00a0<\/p>\n\n\n\n<p><br>Un reconocimiento a todas las mujeres, mam\u00e1s, esposas, hijas, hermanas, t\u00edas y todas aquellas que se esfuerzan por salir adelante, ellas son pilar fundamental de nuestra sociedad.\u00a0<\/p>\n\n\n\n<p><br>A todas ellas, que trabajan arduamente por eliminar las brechas de g\u00e9nero en sus territorios para que ni\u00f1as y mujeres puedan tener las mismas oportunidades y vivir en igualdad de condiciones, nuestro m\u00e1s sincero deseo de\u00a0un d\u00eda pleno, y puedan cumplir sus sue\u00f1os m\u00e1s anhelados.<\/p>\n\n\n\n<p><br>\u00a0Dr. Marcelo Alonso HallerAlcalde de Nueva Helvecia<\/p>\n","protected":false},"excerpt":{"rendered":"<p>En conmemoraci\u00f3n del \u00abD\u00eda Internacional de la Mujer\u00bb\u00a0nuestro equipo saluda a todas las mujeres y ni\u00f1as en su d\u00eda, dese\u00e1ndoles que hoy y siempre sean respetadas, reconocidas y valoradas.\u00a0 Un reconocimiento a todas las mujeres, mam\u00e1s, esposas, hijas, hermanas, t\u00edas y todas aquellas que se esfuerzan por salir adelante, ellas son pilar fundamental de nuestra [&hellip;]<\/p>\n","protected":false},"author":10,"featured_media":4048,"comment_status":"closed","ping_status":"closed","sticky":false,"template":"","format":"standard","meta":[],"categories":[1],"tags":[],"_links":{"self":[{"href":"https:\/\/municipiodenuevahelvecia.com\/index.php?rest_route=\/wp\/v2\/posts\/4047"}],"collection":[{"href":"https:\/\/municipiodenuevahelvecia.com\/index.php?rest_route=\/wp\/v2\/posts"}],"about":[{"href":"https:\/\/municipiodenuevahelvecia.com\/index.php?rest_route=\/wp\/v2\/types\/post"}],"author":[{"embeddable":true,"href":"https:\/\/municipiodenuevahelvecia.com\/index.php?rest_route=\/wp\/v2\/users\/10"}],"replies":[{"embeddable":true,"href":"https:\/\/municipiodenuevahelvecia.com\/index.php?rest_route=%2Fwp%2Fv2%2Fcomments&post=4047"}],"version-history":[{"count":1,"href":"https:\/\/municipiodenuevahelvecia.com\/index.php?rest_route=\/wp\/v2\/posts\/4047\/revisions"}],"predecessor-version":[{"id":4049,"href":"https:\/\/municipiodenuevahelvecia.com\/index.php?rest_route=\/wp\/v2\/posts\/4047\/revisions\/4049"}],"wp:featuredmedia":[{"embeddable":true,"href":"https:\/\/municipiodenuevahelvecia.com\/index.php?rest_route=\/wp\/v2\/media\/4048"}],"wp:attachment":[{"href":"https:\/\/municipiodenuevahelvecia.com\/index.php?rest_route=%2Fwp%2Fv2%2Fmedia&parent=4047"}],"wp:term":[{"taxonomy":"category","embeddable":true,"href":"https:\/\/municipiodenuevahelvecia.com\/index.php?rest_route=%2Fwp%2Fv2%2Fcategories&post=4047"},{"taxonomy":"post_tag","embeddable":true,"href":"https:\/\/municipiodenuevahelvecia.com\/index.php?rest_route=%2Fwp%2Fv2%2Ftags&post=4047"}],"curies":[{"name":"wp","href":"https:\/\/api.w.org\/{rel}","templated":true}]}}