{"id":4242,"date":"2023-12-21T17:32:05","date_gmt":"2023-12-21T17:32:05","guid":{"rendered":"https:\/\/municipiodenuevahelvecia.com\/?p=4242"},"modified":"2023-12-21T17:32:08","modified_gmt":"2023-12-21T17:32:08","slug":"rendicion-de-cuentas-reprogramada","status":"publish","type":"post","link":"https:\/\/municipiodenuevahelvecia.com\/?p=4242","title":{"rendered":"Rendici\u00f3n de cuentas reprogramada"},"content":{"rendered":"\n<p>Se reprograma la actividad de rendici\u00f3n de cuentas y audiencia p\u00fablica anual planificada para el d\u00eda de ma\u00f1ana viernes 22\/12,&nbsp; por los hechos acontecidos en los \u00faltimos d\u00edas, y por la imposibilidad de contar con la asistencia plena del Consejo Municipal por causas de fuerza mayor.&nbsp;&nbsp;<\/p>\n\n\n\n<p>La actividad se reprograma&nbsp;para el d\u00eda viernes 19 de enero, oportunamente estaremos informando horario y lugar.&nbsp;<\/p>\n\n\n\n<p>Solicitamos y agradecemos difusi\u00f3n<\/p>\n\n\n\n<p>Saludos cordiales<\/p>\n\n\n\n<p>&nbsp;Dr. Marcelo Alonso Haller<\/p>\n\n\n\n<p>Alcalde de Nueva Helvecia<\/p>\n","protected":false},"excerpt":{"rendered":"<p>Se reprograma la actividad de rendici\u00f3n de cuentas y audiencia p\u00fablica anual planificada para el d\u00eda de ma\u00f1ana viernes 22\/12,&nbsp; por los hechos acontecidos en los \u00faltimos d\u00edas, y por la imposibilidad de contar con la asistencia plena del Consejo Municipal por causas de fuerza mayor.&nbsp;&nbsp; La actividad se reprograma&nbsp;para el d\u00eda viernes 19 de [&hellip;]<\/p>\n","protected":false},"author":10,"featured_media":4243,"comment_status":"closed","ping_status":"closed","sticky":false,"template":"","format":"standard","meta":[],"categories":[1],"tags":[],"_links":{"self":[{"href":"https:\/\/municipiodenuevahelvecia.com\/index.php?rest_route=\/wp\/v2\/posts\/4242"}],"collection":[{"href":"https:\/\/municipiodenuevahelvecia.com\/index.php?rest_route=\/wp\/v2\/posts"}],"about":[{"href":"https:\/\/municipiodenuevahelvecia.com\/index.php?rest_route=\/wp\/v2\/types\/post"}],"author":[{"embeddable":true,"href":"https:\/\/municipiodenuevahelvecia.com\/index.php?rest_route=\/wp\/v2\/users\/10"}],"replies":[{"embeddable":true,"href":"https:\/\/municipiodenuevahelvecia.com\/index.php?rest_route=%2Fwp%2Fv2%2Fcomments&post=4242"}],"version-history":[{"count":1,"href":"https:\/\/municipiodenuevahelvecia.com\/index.php?rest_route=\/wp\/v2\/posts\/4242\/revisions"}],"predecessor-version":[{"id":4244,"href":"https:\/\/municipiodenuevahelvecia.com\/index.php?rest_route=\/wp\/v2\/posts\/4242\/revisions\/4244"}],"wp:featuredmedia":[{"embeddable":true,"href":"https:\/\/municipiodenuevahelvecia.com\/index.php?rest_route=\/wp\/v2\/media\/4243"}],"wp:attachment":[{"href":"https:\/\/municipiodenuevahelvecia.com\/index.php?rest_route=%2Fwp%2Fv2%2Fmedia&parent=4242"}],"wp:term":[{"taxonomy":"category","embeddable":true,"href":"https:\/\/municipiodenuevahelvecia.com\/index.php?rest_route=%2Fwp%2Fv2%2Fcategories&post=4242"},{"taxonomy":"post_tag","embeddable":true,"href":"https:\/\/municipiodenuevahelvecia.com\/index.php?rest_route=%2Fwp%2Fv2%2Ftags&post=4242"}],"curies":[{"name":"wp","href":"https:\/\/api.w.org\/{rel}","templated":true}]}}