{"id":488,"date":"2015-12-07T13:47:33","date_gmt":"2015-12-07T13:47:33","guid":{"rendered":"http:\/\/municipiodenuevahelvecia.com\/?p=488"},"modified":"2020-04-26T18:18:10","modified_gmt":"2020-04-26T18:18:10","slug":"declaratoria-de-ciudad-de-nueva-helvecia","status":"publish","type":"post","link":"https:\/\/municipiodenuevahelvecia.com\/?p=488","title":{"rendered":"DECLARATORIA DE CIUDAD DE NUEVA HELVECIA"},"content":{"rendered":"<p>&nbsp;&nbsp;&nbsp;&nbsp;&nbsp;&nbsp;&nbsp;&nbsp;&nbsp;&nbsp;&nbsp;&nbsp;&nbsp;&nbsp;&nbsp;&nbsp;&nbsp;&nbsp;&nbsp;&nbsp;&nbsp;&nbsp;&nbsp;&nbsp;&nbsp;&nbsp;&nbsp;&nbsp;&nbsp;&nbsp;&nbsp;&nbsp;&nbsp;&nbsp;&nbsp;&nbsp;&nbsp;&nbsp;&nbsp;&nbsp;&nbsp;&nbsp;&nbsp;&nbsp;&nbsp;&nbsp;&nbsp;&nbsp;&nbsp;&nbsp;&nbsp;&nbsp;&nbsp;&nbsp;<br \/>\n1952- 11 de diciembre- 2015<\/p>\n<p>EL MUNICIPIO Y LA COMISI\u00d3N DE CULTURA DE NUEVA HELVECIA, se adhiere al recuerdo de este acontecimiento del pr\u00f3ximo viernes 11 de diciembre en su 63\u00ba aniversario de la DECLARATORIA DE CIUDAD DE NUEVA HELVECIA.<\/p>\n<p>La resoluci\u00f3n dice: Poder Legislativo:El Senado y la C\u00e1mara de representantes de la Rep\u00fablica Oriental del Uruguay&nbsp; reunidos en Asamblea General DECRETAN :<\/p>\n<p>Articulo 1\u00ba : El\u00e9vase a la categor\u00eda de Ciudad a la Villa de Nueva Helvecia, 10ma. secci\u00f3n Judicial del Departamento de Colonia <\/p>\n<p>Articulo 2\u00ba&nbsp;&nbsp; Comun\u00edquese etc.<\/p>\n<p>Sala de Sesiones de la C\u00e1mara de Senadores, en Montevideo<br \/>\na 11 de diciembre de 1952.<\/p>\n<p>Isabel Pinto de Vidal<br \/>\n&nbsp;&nbsp;&nbsp; Vice-Presidente <\/p>\n<p>Jos\u00e9 Pastor Salva\u00f1ach<br \/>\n&nbsp;&nbsp;&nbsp;&nbsp;&nbsp;&nbsp;&nbsp;&nbsp;&nbsp; Secretario<\/p>\n","protected":false},"excerpt":{"rendered":"<p>&nbsp;&nbsp;&nbsp;&nbsp;&nbsp;&nbsp;&nbsp;&nbsp;&nbsp;&nbsp;&nbsp;&nbsp;&nbsp;&nbsp;&nbsp;&nbsp;&nbsp;&nbsp;&nbsp;&nbsp;&nbsp;&nbsp;&nbsp;&nbsp;&nbsp;&nbsp;&nbsp;&nbsp;&nbsp;&nbsp;&nbsp;&nbsp;&nbsp;&nbsp;&nbsp;&nbsp;&nbsp;&nbsp;&nbsp;&nbsp;&nbsp;&nbsp;&nbsp;&nbsp;&nbsp;&nbsp;&nbsp;&nbsp;&nbsp;&nbsp;&nbsp;&nbsp;&nbsp;&nbsp; 1952- 11 de diciembre- 2015 EL MUNICIPIO Y LA COMISI\u00d3N DE CULTURA DE NUEVA HELVECIA, se adhiere al recuerdo de este acontecimiento del pr\u00f3ximo viernes 11 de diciembre en su 63\u00ba aniversario de la DECLARATORIA DE CIUDAD DE NUEVA HELVECIA. La resoluci\u00f3n dice: Poder Legislativo:El Senado y la C\u00e1mara de representantes de la Rep\u00fablica [&hellip;]<\/p>\n","protected":false},"author":8,"featured_media":0,"comment_status":"closed","ping_status":"open","sticky":false,"template":"","format":"standard","meta":[],"categories":[1],"tags":[],"_links":{"self":[{"href":"https:\/\/municipiodenuevahelvecia.com\/index.php?rest_route=\/wp\/v2\/posts\/488"}],"collection":[{"href":"https:\/\/municipiodenuevahelvecia.com\/index.php?rest_route=\/wp\/v2\/posts"}],"about":[{"href":"https:\/\/municipiodenuevahelvecia.com\/index.php?rest_route=\/wp\/v2\/types\/post"}],"author":[{"embeddable":true,"href":"https:\/\/municipiodenuevahelvecia.com\/index.php?rest_route=\/wp\/v2\/users\/8"}],"replies":[{"embeddable":true,"href":"https:\/\/municipiodenuevahelvecia.com\/index.php?rest_route=%2Fwp%2Fv2%2Fcomments&post=488"}],"version-history":[{"count":1,"href":"https:\/\/municipiodenuevahelvecia.com\/index.php?rest_route=\/wp\/v2\/posts\/488\/revisions"}],"predecessor-version":[{"id":2006,"href":"https:\/\/municipiodenuevahelvecia.com\/index.php?rest_route=\/wp\/v2\/posts\/488\/revisions\/2006"}],"wp:attachment":[{"href":"https:\/\/municipiodenuevahelvecia.com\/index.php?rest_route=%2Fwp%2Fv2%2Fmedia&parent=488"}],"wp:term":[{"taxonomy":"category","embeddable":true,"href":"https:\/\/municipiodenuevahelvecia.com\/index.php?rest_route=%2Fwp%2Fv2%2Fcategories&post=488"},{"taxonomy":"post_tag","embeddable":true,"href":"https:\/\/municipiodenuevahelvecia.com\/index.php?rest_route=%2Fwp%2Fv2%2Ftags&post=488"}],"curies":[{"name":"wp","href":"https:\/\/api.w.org\/{rel}","templated":true}]}}