{"id":491,"date":"2016-01-07T17:02:30","date_gmt":"2016-01-07T17:02:30","guid":{"rendered":"http:\/\/municipiodenuevahelvecia.com\/?p=491"},"modified":"2020-04-26T18:18:10","modified_gmt":"2020-04-26T18:18:10","slug":"comunicado-3","status":"publish","type":"post","link":"https:\/\/municipiodenuevahelvecia.com\/?p=491","title":{"rendered":"Comunicado"},"content":{"rendered":"<p>El pasado Viernes 28 de Diciembre el Municipio de Nueva Helvecia realizo varias e Importantes actividades, comenzando con un reuni\u00f3n con el Director de Empleo del Ministerio de Trabajo y el Director de INEFOP Fernando Figueredo, donde estuvieron presentes \u00a0Integrantes de la Comisi\u00f3n de Fuerzas Vivas, su Presidente Mar\u00eda Bentancor y su tesorero William Mart\u00ednez, por el Centro Comercial&nbsp; e Industrial su Presidente Juli\u00e1n Mesa y Rolf R\u00e4ber, por Agencia de Desarrollo del Este de Colonia su presidente Alejandro Velutti y representantes de los gremios de PRESSUR Y ECOLAT. En esta reuni\u00f3n se manifest\u00f3 la problem\u00e1tica laboral y empresarial de nuestra ciudad y la regi\u00f3n. De esta reuni\u00f3n salieron varias acciones importantes a realizarse en el correr del a\u00f1o. Siendo la primera en el mes de marzo, con empresarios y contadores de la ciudad y la regi\u00f3n.<br \/>\nLuego de esta actividad el Municipio a trav\u00e9s de su Concejo Municipal hizo el balance y presento el proyecto quinquenal para este periodo de Gobierno, 2015-2020. Fue una actividad que est\u00e1 prevista en la Ley de Descentralizaci\u00f3n 19272, donde a trav\u00e9s de una audiencia p\u00fablica se expone lo previsto en Obras, Electrotecnia, Arquitectura y Limpieza para la ciudad, sin dejar otras pol\u00edticas p\u00fablicas que ser\u00e1n tambi\u00e9n realizadas en el correr del a\u00f1o. Dicho presupuesto se confecciono luego de participar \u00a0de varias reuniones Barriales donde los vecinos presentaron sus inquietudes m\u00e1s importantes. Luego se llevo todo a un presupuesto que le fue entregado al Intendente de Colonia y su equipo. Una vez que el Ejecutivo comunal haga entrega del mismo a la Junta Departamental, sabremos lo que se ha tomado en cuenta por parte de la Intendencia, para luego poder trabajar en el Proyecto Quinquenal que ser\u00e1 presentado por el Municipio a la Oficina de Planeamiento y Presupuesto de Presidencia.<br \/>\nTambi\u00e9n se presento un informe \u00a0anual de la Comisi\u00f3n de Cultura del Municipio y por parte de las ni\u00f1as \u00a0del Barrio\u00a0Tarrab su proyecto de reciclaje de envases pl\u00e1sticos que se depositaran en bolsones como vemos en la Foto adjunta.<br \/>\nSe llevo a cabo ese mismo d\u00eda la entrega de una placa a el Sr. Luis de la Quintana quien fuese miembro de Junta Local en el a\u00f1o 72 cuando se comenz\u00f3 a construir el edificio actual del Municipio, por su labor honoraria al servicio de la Comunidad y a la trayectoria a los 100 A\u00f1os \u00a0del Centro Regional de Cultura Cine Helv\u00e9tico, fue recibida por su Presidenta Esc. Isabel \u00c1lvarez Bogliolo y miembros de la Comisi\u00f3n. <\/p>\n<p><a href=\"http:\/\/municipiodenuevahelvecia.com\/wp-content\/uploads\/2016\/01\/wpid-wp-1452182512261.jpeg\"><img decoding=\"async\" title=\"wp-1452182512261\" class=\"alignnone size-full\"  alt=\"image\" src=\"http:\/\/municipiodenuevahelvecia.com\/wp-content\/uploads\/2016\/01\/wpid-wp-1452182512261.jpeg\" \/><\/a><\/p>\n","protected":false},"excerpt":{"rendered":"<p>El pasado Viernes 28 de Diciembre el Municipio de Nueva Helvecia realizo varias e Importantes actividades, comenzando con un reuni\u00f3n con el Director de Empleo del Ministerio de Trabajo y el Director de INEFOP Fernando Figueredo, donde estuvieron presentes \u00a0Integrantes de la Comisi\u00f3n de Fuerzas Vivas, su Presidente Mar\u00eda Bentancor y su tesorero William Mart\u00ednez, [&hellip;]<\/p>\n","protected":false},"author":8,"featured_media":0,"comment_status":"closed","ping_status":"open","sticky":false,"template":"","format":"standard","meta":[],"categories":[1],"tags":[],"_links":{"self":[{"href":"https:\/\/municipiodenuevahelvecia.com\/index.php?rest_route=\/wp\/v2\/posts\/491"}],"collection":[{"href":"https:\/\/municipiodenuevahelvecia.com\/index.php?rest_route=\/wp\/v2\/posts"}],"about":[{"href":"https:\/\/municipiodenuevahelvecia.com\/index.php?rest_route=\/wp\/v2\/types\/post"}],"author":[{"embeddable":true,"href":"https:\/\/municipiodenuevahelvecia.com\/index.php?rest_route=\/wp\/v2\/users\/8"}],"replies":[{"embeddable":true,"href":"https:\/\/municipiodenuevahelvecia.com\/index.php?rest_route=%2Fwp%2Fv2%2Fcomments&post=491"}],"version-history":[{"count":1,"href":"https:\/\/municipiodenuevahelvecia.com\/index.php?rest_route=\/wp\/v2\/posts\/491\/revisions"}],"predecessor-version":[{"id":2004,"href":"https:\/\/municipiodenuevahelvecia.com\/index.php?rest_route=\/wp\/v2\/posts\/491\/revisions\/2004"}],"wp:attachment":[{"href":"https:\/\/municipiodenuevahelvecia.com\/index.php?rest_route=%2Fwp%2Fv2%2Fmedia&parent=491"}],"wp:term":[{"taxonomy":"category","embeddable":true,"href":"https:\/\/municipiodenuevahelvecia.com\/index.php?rest_route=%2Fwp%2Fv2%2Fcategories&post=491"},{"taxonomy":"post_tag","embeddable":true,"href":"https:\/\/municipiodenuevahelvecia.com\/index.php?rest_route=%2Fwp%2Fv2%2Ftags&post=491"}],"curies":[{"name":"wp","href":"https:\/\/api.w.org\/{rel}","templated":true}]}}