{"id":4987,"date":"2025-01-09T17:49:05","date_gmt":"2025-01-09T17:49:05","guid":{"rendered":"https:\/\/municipiodenuevahelvecia.com\/?p=4987"},"modified":"2025-01-15T17:52:01","modified_gmt":"2025-01-15T17:52:01","slug":"reloj-de-flores-familia-y-tradicion","status":"publish","type":"post","link":"https:\/\/municipiodenuevahelvecia.com\/?p=4987","title":{"rendered":"Reloj de flores, familia y tradici\u00f3n"},"content":{"rendered":"\n<p>Desde el&nbsp;Municipio&nbsp;de Nueva Helvecia informamos que el \u201creloj de flores, familia y tradici\u00f3n\u201d de la Plaza de los Fundadores ya est\u00e1 en funcionamiento, convirti\u00e9ndose en un nuevo s\u00edmbolo de trabajo en equipo y orgullo para nuestra ciudad.<\/p>\n\n\n\n<p>El dise\u00f1o y la puesta en escena fueron realizados por el destacado artista local Ricardo Rivas, mientras que las alumnas trabajaron con dedicaci\u00f3n en la elaboraci\u00f3n de los mosaicos que adornan esta obra.<\/p>\n\n\n\n<p>La maquinaria del reloj fue adquirida gracias al aporte de las ganancias generadas para la organizaci\u00f3n de la exitosa 10\u00aa Fiesta Nacional del Chocolate, un evento que sigue beneficiando a nuestra ciudad de m\u00faltiples maneras y cuyos resultados como en ediciones anteriores son destinados a obras para toda la comunidad. Por su parte, la realizaci\u00f3n de la plataforma, la estructura, movimiento de tierra y la contrataci\u00f3n del arquitecto encargado de diagramar la obra en la plaza estuvo a cargo del&nbsp;Municipio&nbsp;de Nueva Helvecia.<\/p>\n\n\n\n<p>Invitamos a los vecinos y visitantes a disfrutar y cuidar de esta obra que embellece la Plaza de los Fundadores y simboliza lo que podemos lograr cuando trabajamos juntos. En los pr\u00f3ximos d\u00edas, luego de la puesta a punto final, se llevar\u00e1 a cabo la inauguraci\u00f3n formal del mismo.<\/p>\n\n\n\n<figure class=\"wp-block-gallery has-nested-images columns-default is-cropped wp-block-gallery-1 is-layout-flex\">\n<figure class=\"wp-block-image size-large\"><img decoding=\"async\" loading=\"lazy\" width=\"360\" height=\"640\" data-id=\"4990\"  src=\"https:\/\/municipiodenuevahelvecia.com\/wp-content\/uploads\/2025\/01\/thumbnail_40e1939f-f02b-48f5-ae08-1c2223be4063-2.jpg\" alt=\"\" class=\"wp-image-4990\" srcset=\"https:\/\/municipiodenuevahelvecia.com\/wp-content\/uploads\/2025\/01\/thumbnail_40e1939f-f02b-48f5-ae08-1c2223be4063-2.jpg 360w, https:\/\/municipiodenuevahelvecia.com\/wp-content\/uploads\/2025\/01\/thumbnail_40e1939f-f02b-48f5-ae08-1c2223be4063-2-169x300.jpg 169w\" sizes=\"(max-width: 360px) 100vw, 360px\" \/><\/figure>\n<\/figure>\n","protected":false},"excerpt":{"rendered":"<p>Desde el&nbsp;Municipio&nbsp;de Nueva Helvecia informamos que el \u201creloj de flores, familia y tradici\u00f3n\u201d de la Plaza de los Fundadores ya est\u00e1 en funcionamiento, convirti\u00e9ndose en un nuevo s\u00edmbolo de trabajo en equipo y orgullo para nuestra ciudad. El dise\u00f1o y la puesta en escena fueron realizados por el destacado artista local Ricardo Rivas, mientras que [&hellip;]<\/p>\n","protected":false},"author":14,"featured_media":4992,"comment_status":"closed","ping_status":"closed","sticky":false,"template":"","format":"standard","meta":[],"categories":[1],"tags":[],"_links":{"self":[{"href":"https:\/\/municipiodenuevahelvecia.com\/index.php?rest_route=\/wp\/v2\/posts\/4987"}],"collection":[{"href":"https:\/\/municipiodenuevahelvecia.com\/index.php?rest_route=\/wp\/v2\/posts"}],"about":[{"href":"https:\/\/municipiodenuevahelvecia.com\/index.php?rest_route=\/wp\/v2\/types\/post"}],"author":[{"embeddable":true,"href":"https:\/\/municipiodenuevahelvecia.com\/index.php?rest_route=\/wp\/v2\/users\/14"}],"replies":[{"embeddable":true,"href":"https:\/\/municipiodenuevahelvecia.com\/index.php?rest_route=%2Fwp%2Fv2%2Fcomments&post=4987"}],"version-history":[{"count":1,"href":"https:\/\/municipiodenuevahelvecia.com\/index.php?rest_route=\/wp\/v2\/posts\/4987\/revisions"}],"predecessor-version":[{"id":4993,"href":"https:\/\/municipiodenuevahelvecia.com\/index.php?rest_route=\/wp\/v2\/posts\/4987\/revisions\/4993"}],"wp:featuredmedia":[{"embeddable":true,"href":"https:\/\/municipiodenuevahelvecia.com\/index.php?rest_route=\/wp\/v2\/media\/4992"}],"wp:attachment":[{"href":"https:\/\/municipiodenuevahelvecia.com\/index.php?rest_route=%2Fwp%2Fv2%2Fmedia&parent=4987"}],"wp:term":[{"taxonomy":"category","embeddable":true,"href":"https:\/\/municipiodenuevahelvecia.com\/index.php?rest_route=%2Fwp%2Fv2%2Fcategories&post=4987"},{"taxonomy":"post_tag","embeddable":true,"href":"https:\/\/municipiodenuevahelvecia.com\/index.php?rest_route=%2Fwp%2Fv2%2Ftags&post=4987"}],"curies":[{"name":"wp","href":"https:\/\/api.w.org\/{rel}","templated":true}]}}