{"id":500,"date":"2016-03-01T14:50:41","date_gmt":"2016-03-01T14:50:41","guid":{"rendered":"http:\/\/municipiodenuevahelvecia.com\/?p=500"},"modified":"2020-04-26T18:18:10","modified_gmt":"2020-04-26T18:18:10","slug":"charla-sobre-el-dengue","status":"publish","type":"post","link":"https:\/\/municipiodenuevahelvecia.com\/?p=500","title":{"rendered":"Charla sobre el Dengue"},"content":{"rendered":"<p>El Municipio de Nueva Helvecia en conjunto con el Instituto Pro- Bienestar Social<br \/>\n del Anciano y la Oficina de la Intendencia de Colonia de Cufr\u00e9 invita a\u00a0la comunidad, organizaciones sociales y a los prestadores de salud\u00a0\u00a0a la\u00a0charla abierta sobre enfermedades transmitidas por AEDES.\u00a0que dar\u00e1 el Doctor Sr. Jorge Motta sobre el tema que preocupa hoy a todos, DENGUE.\u00a0<br \/>\nEsta se realizar\u00e1 el pr\u00f3ximo mi\u00e9rcoles 2 a las 19 horas en salones del Centro Helv\u00e9tico.\u00a0Habr\u00e1 espacio para preguntas y tambi\u00e9n para propuestas.\u00a0<br \/>\nEsperamos contar con la presencia de los vecinos de todas las zonas cercanas a nuestra ciudad.\u00a0<\/p>\n","protected":false},"excerpt":{"rendered":"<p>El Municipio de Nueva Helvecia en conjunto con el Instituto Pro- Bienestar Social del Anciano y la Oficina de la Intendencia de Colonia de Cufr\u00e9 invita a\u00a0la comunidad, organizaciones sociales y a los prestadores de salud\u00a0\u00a0a la\u00a0charla abierta sobre enfermedades transmitidas por AEDES.\u00a0que dar\u00e1 el Doctor Sr. Jorge Motta sobre el tema que preocupa hoy [&hellip;]<\/p>\n","protected":false},"author":8,"featured_media":0,"comment_status":"closed","ping_status":"open","sticky":false,"template":"","format":"standard","meta":[],"categories":[1],"tags":[],"_links":{"self":[{"href":"https:\/\/municipiodenuevahelvecia.com\/index.php?rest_route=\/wp\/v2\/posts\/500"}],"collection":[{"href":"https:\/\/municipiodenuevahelvecia.com\/index.php?rest_route=\/wp\/v2\/posts"}],"about":[{"href":"https:\/\/municipiodenuevahelvecia.com\/index.php?rest_route=\/wp\/v2\/types\/post"}],"author":[{"embeddable":true,"href":"https:\/\/municipiodenuevahelvecia.com\/index.php?rest_route=\/wp\/v2\/users\/8"}],"replies":[{"embeddable":true,"href":"https:\/\/municipiodenuevahelvecia.com\/index.php?rest_route=%2Fwp%2Fv2%2Fcomments&post=500"}],"version-history":[{"count":1,"href":"https:\/\/municipiodenuevahelvecia.com\/index.php?rest_route=\/wp\/v2\/posts\/500\/revisions"}],"predecessor-version":[{"id":2001,"href":"https:\/\/municipiodenuevahelvecia.com\/index.php?rest_route=\/wp\/v2\/posts\/500\/revisions\/2001"}],"wp:attachment":[{"href":"https:\/\/municipiodenuevahelvecia.com\/index.php?rest_route=%2Fwp%2Fv2%2Fmedia&parent=500"}],"wp:term":[{"taxonomy":"category","embeddable":true,"href":"https:\/\/municipiodenuevahelvecia.com\/index.php?rest_route=%2Fwp%2Fv2%2Fcategories&post=500"},{"taxonomy":"post_tag","embeddable":true,"href":"https:\/\/municipiodenuevahelvecia.com\/index.php?rest_route=%2Fwp%2Fv2%2Ftags&post=500"}],"curies":[{"name":"wp","href":"https:\/\/api.w.org\/{rel}","templated":true}]}}