{"id":520,"date":"2016-03-21T22:56:08","date_gmt":"2016-03-21T22:56:08","guid":{"rendered":"http:\/\/municipiodenuevahelvecia.com\/?p=520"},"modified":"2020-04-26T18:18:10","modified_gmt":"2020-04-26T18:18:10","slug":"lanzamiento-de-las-fiestas-traicionales-de-la-ciudad","status":"publish","type":"post","link":"https:\/\/municipiodenuevahelvecia.com\/?p=520","title":{"rendered":"Lanzamiento de las Fiestas Traicionales de la ciudad"},"content":{"rendered":"<p>El Municipio de Nueva Helvecia, particip\u00f3 en el Lanzamiento de la Gu\u00eda de Fiestas Uruguayas, en el Ministerio de Turismo.<\/p>\n<p>Estuvieron presentes en el evento, el Director de OPP Sr.\u00c1lvaro Garc\u00eda, la Ministra de Educaci\u00f3n y Cultura, Sra. Ma. Julia Mu\u00f1oz y la Ministra de Turismo ,Sra. Liliam Kechichiam, adem\u00e1s de organizadores y colaboradores de las fiestas.<\/p>\n<p>Nueva Helvecia es la \u00fanica ciudad que participa en la gu\u00eda con 4 fiestas tradicionales.<\/p>\n<p><img decoding=\"async\" loading=\"lazy\" class=\"aligncenter size-full wp-image-521\" alt=\"1517657_1703126796601900_8163661386344448720_n\" src=\"http:\/\/municipiodenuevahelvecia.com\/wp-content\/uploads\/2016\/03\/1517657_1703126796601900_8163661386344448720_n.jpg\" width=\"960\" height=\"584\" srcset=\"https:\/\/municipiodenuevahelvecia.com\/wp-content\/uploads\/2016\/03\/1517657_1703126796601900_8163661386344448720_n.jpg 960w, https:\/\/municipiodenuevahelvecia.com\/wp-content\/uploads\/2016\/03\/1517657_1703126796601900_8163661386344448720_n-400x243.jpg 400w\" sizes=\"(max-width: 960px) 100vw, 960px\" \/> <img decoding=\"async\" loading=\"lazy\" class=\"aligncenter size-full wp-image-522\" alt=\"11063747_1703122789935634_3685473155320687789_o\" src=\"http:\/\/municipiodenuevahelvecia.com\/wp-content\/uploads\/2016\/03\/11063747_1703122789935634_3685473155320687789_o.jpg\" width=\"666\" height=\"1265\" srcset=\"https:\/\/municipiodenuevahelvecia.com\/wp-content\/uploads\/2016\/03\/11063747_1703122789935634_3685473155320687789_o.jpg 666w, https:\/\/municipiodenuevahelvecia.com\/wp-content\/uploads\/2016\/03\/11063747_1703122789935634_3685473155320687789_o-539x1024.jpg 539w\" sizes=\"(max-width: 666px) 100vw, 666px\" \/> <img decoding=\"async\" loading=\"lazy\" class=\"aligncenter size-full wp-image-523\" alt=\"12322787_1703122596602320_3094063223322546746_o\" src=\"http:\/\/municipiodenuevahelvecia.com\/wp-content\/uploads\/2016\/03\/12322787_1703122596602320_3094063223322546746_o.jpg\" width=\"664\" height=\"1267\" srcset=\"https:\/\/municipiodenuevahelvecia.com\/wp-content\/uploads\/2016\/03\/12322787_1703122596602320_3094063223322546746_o.jpg 664w, https:\/\/municipiodenuevahelvecia.com\/wp-content\/uploads\/2016\/03\/12322787_1703122596602320_3094063223322546746_o-157x300.jpg 157w, https:\/\/municipiodenuevahelvecia.com\/wp-content\/uploads\/2016\/03\/12322787_1703122596602320_3094063223322546746_o-536x1024.jpg 536w\" sizes=\"(max-width: 664px) 100vw, 664px\" \/> <img decoding=\"async\" loading=\"lazy\" class=\"aligncenter size-full wp-image-524\" alt=\"12819242_1703122773268969_6741862573028914334_o\" src=\"http:\/\/municipiodenuevahelvecia.com\/wp-content\/uploads\/2016\/03\/12819242_1703122773268969_6741862573028914334_o.jpg\" width=\"664\" height=\"1265\" srcset=\"https:\/\/municipiodenuevahelvecia.com\/wp-content\/uploads\/2016\/03\/12819242_1703122773268969_6741862573028914334_o.jpg 664w, https:\/\/municipiodenuevahelvecia.com\/wp-content\/uploads\/2016\/03\/12819242_1703122773268969_6741862573028914334_o-157x300.jpg 157w, https:\/\/municipiodenuevahelvecia.com\/wp-content\/uploads\/2016\/03\/12819242_1703122773268969_6741862573028914334_o-537x1024.jpg 537w\" sizes=\"(max-width: 664px) 100vw, 664px\" \/> <img decoding=\"async\" loading=\"lazy\" class=\"aligncenter size-full wp-image-525\" alt=\"12829305_1703122616602318_303215355989146723_o\" src=\"http:\/\/municipiodenuevahelvecia.com\/wp-content\/uploads\/2016\/03\/12829305_1703122616602318_303215355989146723_o.jpg\" width=\"662\" height=\"1263\" srcset=\"https:\/\/municipiodenuevahelvecia.com\/wp-content\/uploads\/2016\/03\/12829305_1703122616602318_303215355989146723_o.jpg 662w, https:\/\/municipiodenuevahelvecia.com\/wp-content\/uploads\/2016\/03\/12829305_1703122616602318_303215355989146723_o-157x300.jpg 157w, https:\/\/municipiodenuevahelvecia.com\/wp-content\/uploads\/2016\/03\/12829305_1703122616602318_303215355989146723_o-536x1024.jpg 536w\" sizes=\"(max-width: 662px) 100vw, 662px\" \/><\/p>\n","protected":false},"excerpt":{"rendered":"<p>El Municipio de Nueva Helvecia, particip\u00f3 en el Lanzamiento de la Gu\u00eda de Fiestas Uruguayas, en el Ministerio de Turismo. Estuvieron presentes en el evento, el Director de OPP Sr.\u00c1lvaro Garc\u00eda, la Ministra de Educaci\u00f3n y Cultura, Sra. Ma. Julia Mu\u00f1oz y la Ministra de Turismo ,Sra. Liliam Kechichiam, adem\u00e1s de organizadores y colaboradores de [&hellip;]<\/p>\n","protected":false},"author":8,"featured_media":0,"comment_status":"closed","ping_status":"open","sticky":false,"template":"","format":"standard","meta":[],"categories":[1],"tags":[],"_links":{"self":[{"href":"https:\/\/municipiodenuevahelvecia.com\/index.php?rest_route=\/wp\/v2\/posts\/520"}],"collection":[{"href":"https:\/\/municipiodenuevahelvecia.com\/index.php?rest_route=\/wp\/v2\/posts"}],"about":[{"href":"https:\/\/municipiodenuevahelvecia.com\/index.php?rest_route=\/wp\/v2\/types\/post"}],"author":[{"embeddable":true,"href":"https:\/\/municipiodenuevahelvecia.com\/index.php?rest_route=\/wp\/v2\/users\/8"}],"replies":[{"embeddable":true,"href":"https:\/\/municipiodenuevahelvecia.com\/index.php?rest_route=%2Fwp%2Fv2%2Fcomments&post=520"}],"version-history":[{"count":2,"href":"https:\/\/municipiodenuevahelvecia.com\/index.php?rest_route=\/wp\/v2\/posts\/520\/revisions"}],"predecessor-version":[{"id":1997,"href":"https:\/\/municipiodenuevahelvecia.com\/index.php?rest_route=\/wp\/v2\/posts\/520\/revisions\/1997"}],"wp:attachment":[{"href":"https:\/\/municipiodenuevahelvecia.com\/index.php?rest_route=%2Fwp%2Fv2%2Fmedia&parent=520"}],"wp:term":[{"taxonomy":"category","embeddable":true,"href":"https:\/\/municipiodenuevahelvecia.com\/index.php?rest_route=%2Fwp%2Fv2%2Fcategories&post=520"},{"taxonomy":"post_tag","embeddable":true,"href":"https:\/\/municipiodenuevahelvecia.com\/index.php?rest_route=%2Fwp%2Fv2%2Ftags&post=520"}],"curies":[{"name":"wp","href":"https:\/\/api.w.org\/{rel}","templated":true}]}}