{"id":531,"date":"2016-04-01T16:18:35","date_gmt":"2016-04-01T16:18:35","guid":{"rendered":"http:\/\/municipiodenuevahelvecia.com\/?p=531"},"modified":"2020-04-26T18:18:10","modified_gmt":"2020-04-26T18:18:10","slug":"charla-sobre-violencia-domestica-2","status":"publish","type":"post","link":"https:\/\/municipiodenuevahelvecia.com\/?p=531","title":{"rendered":"Charla sobre violencia dom\u00e9stica"},"content":{"rendered":"<p>El Municipio de Nueva Helvecia, comunica que fue realizada con total \u00e9xito la charla sobre Violencia Dom\u00e9stica, brindada por la Dra. Grisel Pereira .<br \/>\n\u00a0Estuvieron presentes \u00a0 la Profesora Sonia Dovat y \u00a0la representante de INMUJERES \u00a0Sra. Teresa di P\u00f3lito , \u00a0quienes informaron sobre la situaci\u00f3n y acciones en el Departamento de Colonia. La actividad fue el pasado martes 29 en el Centro Cultural de Nueva Helvecia, \u00a0dieron \u00a0la bienvenida la Sra. Alcaldesa de Nueva Helvecia Mar\u00eda de Lima, y los Sres. Concejales \u00a0 Marcelo \u00a0Alonso, Rudy Leizagoyen a \u00a0todos quienes asistieron , autoridades de Nueva Helvecia y otras localidades, \u00a0Alcaldes, Ediles, representantes de las Fuerzas Vivas y Organizaciones sociales, as\u00ed como representantes de INMUJERES, \u00a0Centros de Asistencia de la Ni\u00f1ez y Adolescencia y Polic\u00edas de la Unidad Especializada de Violencia Dom\u00e9stica.<\/p>\n","protected":false},"excerpt":{"rendered":"<p>El Municipio de Nueva Helvecia, comunica que fue realizada con total \u00e9xito la charla sobre Violencia Dom\u00e9stica, brindada por la Dra. Grisel Pereira . \u00a0Estuvieron presentes \u00a0 la Profesora Sonia Dovat y \u00a0la representante de INMUJERES \u00a0Sra. Teresa di P\u00f3lito , \u00a0quienes informaron sobre la situaci\u00f3n y acciones en el Departamento de Colonia. La actividad [&hellip;]<\/p>\n","protected":false},"author":8,"featured_media":0,"comment_status":"closed","ping_status":"open","sticky":false,"template":"","format":"standard","meta":[],"categories":[1],"tags":[],"_links":{"self":[{"href":"https:\/\/municipiodenuevahelvecia.com\/index.php?rest_route=\/wp\/v2\/posts\/531"}],"collection":[{"href":"https:\/\/municipiodenuevahelvecia.com\/index.php?rest_route=\/wp\/v2\/posts"}],"about":[{"href":"https:\/\/municipiodenuevahelvecia.com\/index.php?rest_route=\/wp\/v2\/types\/post"}],"author":[{"embeddable":true,"href":"https:\/\/municipiodenuevahelvecia.com\/index.php?rest_route=\/wp\/v2\/users\/8"}],"replies":[{"embeddable":true,"href":"https:\/\/municipiodenuevahelvecia.com\/index.php?rest_route=%2Fwp%2Fv2%2Fcomments&post=531"}],"version-history":[{"count":1,"href":"https:\/\/municipiodenuevahelvecia.com\/index.php?rest_route=\/wp\/v2\/posts\/531\/revisions"}],"predecessor-version":[{"id":1995,"href":"https:\/\/municipiodenuevahelvecia.com\/index.php?rest_route=\/wp\/v2\/posts\/531\/revisions\/1995"}],"wp:attachment":[{"href":"https:\/\/municipiodenuevahelvecia.com\/index.php?rest_route=%2Fwp%2Fv2%2Fmedia&parent=531"}],"wp:term":[{"taxonomy":"category","embeddable":true,"href":"https:\/\/municipiodenuevahelvecia.com\/index.php?rest_route=%2Fwp%2Fv2%2Fcategories&post=531"},{"taxonomy":"post_tag","embeddable":true,"href":"https:\/\/municipiodenuevahelvecia.com\/index.php?rest_route=%2Fwp%2Fv2%2Ftags&post=531"}],"curies":[{"name":"wp","href":"https:\/\/api.w.org\/{rel}","templated":true}]}}