{"id":533,"date":"2016-04-16T00:09:04","date_gmt":"2016-04-16T00:09:04","guid":{"rendered":"http:\/\/municipiodenuevahelvecia.com\/?p=533"},"modified":"2020-04-26T18:18:10","modified_gmt":"2020-04-26T18:18:10","slug":"acto-patrio-191o-aniversario-del-desembarco-de-los-33-orientales-1825-2016","status":"publish","type":"post","link":"https:\/\/municipiodenuevahelvecia.com\/?p=533","title":{"rendered":"ACTO PATRIO 191\u00ba ANIVERSARIO DEL DESEMBARCO\n         \n                                DE LOS 33 ORIENTALES- 1825- 2016"},"content":{"rendered":"<p>El pr\u00f3ximo martes 19 de Abril a la hora 11, ante un nuevo aniversario del Desembarco de los 33 Orientales,&nbsp; EL MUNICIPIO Y LA COMISI\u00d3N&nbsp; DE CULTURA de Nueva Helvecia recordar\u00e1n esta fecha, depositando una ofrenda floral al pi\u00e9 del monumento a nuestro Pr\u00f3cer Gral. JOS\u00c9 G. ARTIGAS.<\/p>\n<p>En adhesi\u00f3n a este acontecimiento se emitir\u00e1 en los medios de prensa un mensaje a cargo&nbsp; de la Escuela N\u00ba 40 \u201c Jos\u00e9 E.Rod\u00f3 \u201c<br \/>\nSe invita al p\u00fablico en general.<\/p>\n","protected":false},"excerpt":{"rendered":"<p>El pr\u00f3ximo martes 19 de Abril a la hora 11, ante un nuevo aniversario del Desembarco de los 33 Orientales,&nbsp; EL MUNICIPIO Y LA COMISI\u00d3N&nbsp; DE CULTURA de Nueva Helvecia recordar\u00e1n esta fecha, depositando una ofrenda floral al pi\u00e9 del monumento a nuestro Pr\u00f3cer Gral. JOS\u00c9 G. ARTIGAS. En adhesi\u00f3n a este acontecimiento se emitir\u00e1 [&hellip;]<\/p>\n","protected":false},"author":8,"featured_media":0,"comment_status":"closed","ping_status":"open","sticky":false,"template":"","format":"standard","meta":[],"categories":[1],"tags":[],"_links":{"self":[{"href":"https:\/\/municipiodenuevahelvecia.com\/index.php?rest_route=\/wp\/v2\/posts\/533"}],"collection":[{"href":"https:\/\/municipiodenuevahelvecia.com\/index.php?rest_route=\/wp\/v2\/posts"}],"about":[{"href":"https:\/\/municipiodenuevahelvecia.com\/index.php?rest_route=\/wp\/v2\/types\/post"}],"author":[{"embeddable":true,"href":"https:\/\/municipiodenuevahelvecia.com\/index.php?rest_route=\/wp\/v2\/users\/8"}],"replies":[{"embeddable":true,"href":"https:\/\/municipiodenuevahelvecia.com\/index.php?rest_route=%2Fwp%2Fv2%2Fcomments&post=533"}],"version-history":[{"count":1,"href":"https:\/\/municipiodenuevahelvecia.com\/index.php?rest_route=\/wp\/v2\/posts\/533\/revisions"}],"predecessor-version":[{"id":1993,"href":"https:\/\/municipiodenuevahelvecia.com\/index.php?rest_route=\/wp\/v2\/posts\/533\/revisions\/1993"}],"wp:attachment":[{"href":"https:\/\/municipiodenuevahelvecia.com\/index.php?rest_route=%2Fwp%2Fv2%2Fmedia&parent=533"}],"wp:term":[{"taxonomy":"category","embeddable":true,"href":"https:\/\/municipiodenuevahelvecia.com\/index.php?rest_route=%2Fwp%2Fv2%2Fcategories&post=533"},{"taxonomy":"post_tag","embeddable":true,"href":"https:\/\/municipiodenuevahelvecia.com\/index.php?rest_route=%2Fwp%2Fv2%2Ftags&post=533"}],"curies":[{"name":"wp","href":"https:\/\/api.w.org\/{rel}","templated":true}]}}