{"id":5498,"date":"2025-08-05T19:35:31","date_gmt":"2025-08-05T19:35:31","guid":{"rendered":"https:\/\/municipiodenuevahelvecia.com\/?p=5498"},"modified":"2025-08-05T19:35:31","modified_gmt":"2025-08-05T19:35:31","slug":"apertura-de-exposiciones-artisticas-en-el-centro-cultural-bastion-del-carmen","status":"publish","type":"post","link":"https:\/\/municipiodenuevahelvecia.com\/?p=5498","title":{"rendered":"Apertura de exposiciones art\u00edsticas en el Centro Cultural Basti\u00f3n del Carmen"},"content":{"rendered":"\n<p>El pr\u00f3ximo 6 de agosto, a las 18:00 horas, el Foyer Joanna Galvao del Centro Cultural Basti\u00f3n del Carmen ser\u00e1 sede de la inauguraci\u00f3n de dos destacadas muestras art\u00edsticas que fusionar\u00e1n fotograf\u00eda y pl\u00e1stica en un di\u00e1logo visual. Muestra que permanecer\u00e1n abiertas durante todo el mes de agosto, invitando al p\u00fablico a sumergirse en creaciones que capturan emociones.<\/p>\n\n\n\n<p>Artistas de Colonia Suiza presentar\u00e1n una colecci\u00f3n que refleja la identidad cultural y natural de la zona. La exposici\u00f3n, que incluir\u00e1 pinturas y esculturas, busca generar un di\u00e1logo en la comunidad toda. La participaci\u00f3n de diferentes creadores promete una diversidad de estilos y narrativas.<\/p>\n\n\n\n<p>Los Artistas participantes son: Laura Acosta, Maria Rita Aicardi, Salom\u00e9 Ballesta, Marisa Batignani, Nancy Batista, Alan Betarte, Virginia Borges, Lilian Caffarel, Gladys Mabel Duarte, Ver\u00f3nica Elvira, Ana Falero, Gisele Gloodtdofsky, Gerardo Gonz\u00e1lez, Andrea Gonz\u00e1lez Poses, Raquel Goyeneche, Andrea Hern\u00e1ndez, Federico Huber, Martin Keiran, Agustina Mart\u00ednez Stabile, Lorenzo Mart\u00ednez, \u00c1lvaro Olivera, Sergio Olivera, Carolina Pedreira, Gerardo Puglia, Irma Rodr\u00edguez, Nancy Roland, Leandro S\u00e1nchez, Ingrid Scheinbeck, Silvia Mal\u00e1n<br>La apertura contar\u00e1 con la presencia de los expositores y curadores, ofreciendo un espacio para el intercambio con el p\u00fablico.<\/p>\n\n\n\n<p>La entrada es libre y gratuita, y las muestras podr\u00e1n visitarse hasta el 27 de agosto, en horarios habituales del centro cultural, de 10 a 18 horas.<\/p>\n\n\n\n<p>Esta muestra se realiza con el apoyo de la Intendencia de Colonia a trav\u00e9s de su Direcci\u00f3n de Cultura, Municipio de Nueva Helvecia y Centro Cultural de Colonia Suiza.<\/p>\n","protected":false},"excerpt":{"rendered":"<p>El pr\u00f3ximo 6 de agosto, a las 18:00 horas, el Foyer Joanna Galvao del Centro Cultural Basti\u00f3n del Carmen ser\u00e1 sede de la inauguraci\u00f3n de dos destacadas muestras art\u00edsticas que fusionar\u00e1n fotograf\u00eda y pl\u00e1stica en un di\u00e1logo visual. Muestra que permanecer\u00e1n abiertas durante todo el mes de agosto, invitando al p\u00fablico a sumergirse en creaciones [&hellip;]<\/p>\n","protected":false},"author":14,"featured_media":5499,"comment_status":"closed","ping_status":"closed","sticky":false,"template":"","format":"standard","meta":[],"categories":[1],"tags":[],"_links":{"self":[{"href":"https:\/\/municipiodenuevahelvecia.com\/index.php?rest_route=\/wp\/v2\/posts\/5498"}],"collection":[{"href":"https:\/\/municipiodenuevahelvecia.com\/index.php?rest_route=\/wp\/v2\/posts"}],"about":[{"href":"https:\/\/municipiodenuevahelvecia.com\/index.php?rest_route=\/wp\/v2\/types\/post"}],"author":[{"embeddable":true,"href":"https:\/\/municipiodenuevahelvecia.com\/index.php?rest_route=\/wp\/v2\/users\/14"}],"replies":[{"embeddable":true,"href":"https:\/\/municipiodenuevahelvecia.com\/index.php?rest_route=%2Fwp%2Fv2%2Fcomments&post=5498"}],"version-history":[{"count":1,"href":"https:\/\/municipiodenuevahelvecia.com\/index.php?rest_route=\/wp\/v2\/posts\/5498\/revisions"}],"predecessor-version":[{"id":5500,"href":"https:\/\/municipiodenuevahelvecia.com\/index.php?rest_route=\/wp\/v2\/posts\/5498\/revisions\/5500"}],"wp:featuredmedia":[{"embeddable":true,"href":"https:\/\/municipiodenuevahelvecia.com\/index.php?rest_route=\/wp\/v2\/media\/5499"}],"wp:attachment":[{"href":"https:\/\/municipiodenuevahelvecia.com\/index.php?rest_route=%2Fwp%2Fv2%2Fmedia&parent=5498"}],"wp:term":[{"taxonomy":"category","embeddable":true,"href":"https:\/\/municipiodenuevahelvecia.com\/index.php?rest_route=%2Fwp%2Fv2%2Fcategories&post=5498"},{"taxonomy":"post_tag","embeddable":true,"href":"https:\/\/municipiodenuevahelvecia.com\/index.php?rest_route=%2Fwp%2Fv2%2Ftags&post=5498"}],"curies":[{"name":"wp","href":"https:\/\/api.w.org\/{rel}","templated":true}]}}