{"id":5667,"date":"2026-03-17T01:11:00","date_gmt":"2026-03-17T01:11:00","guid":{"rendered":"https:\/\/municipiodenuevahelvecia.com\/?p=5667"},"modified":"2026-03-30T01:11:54","modified_gmt":"2026-03-30T01:11:54","slug":"arte-contemporaneo-de-proyeccion-global-llega-a-nueva-helvecia","status":"publish","type":"post","link":"https:\/\/municipiodenuevahelvecia.com\/?p=5667","title":{"rendered":"Arte Contempor\u00e1neo de Proyecci\u00f3n Global llega a Nueva Helvecia"},"content":{"rendered":"\n<p>El&nbsp;<strong>Municipio&nbsp;de Nueva Helvecia<\/strong>, en una acci\u00f3n conjunta y coordinada con el&nbsp;<strong>Centro Cultural Colonia Suiza<\/strong>, se complace en anunciar la llegada de la Muestra Internacional de Arte Contempor\u00e1neo&nbsp;<strong>\u00abVUJA DE\u00bb<\/strong>, del reconocido artista uruguayo&nbsp;<strong>Pablo Echeverr\u00eda<\/strong>. Esta presentaci\u00f3n especial se enmarca en la Gira Nacional 2026, que recorre los 19 departamentos del pa\u00eds acercando propuestas de primer nivel a todo el territorio.<\/p>\n\n\n\n<p><strong>Sobre el Artista y su Trayectoria<\/strong><\/p>\n\n\n\n<p>Pablo Echeverr\u00eda se ha consolidado como una de las voces del arte uruguayo con mayor proyecci\u00f3n internacional, habiendo presentado su obra en m\u00e1s de 20 pa\u00edses de tres continentes. Su trabajo, declarado de&nbsp;<strong>Inter\u00e9s Ministerial por el Ministerio de Educaci\u00f3n y Cultura (MEC)<\/strong>, destaca por una visi\u00f3n humanista que aborda la dignidad y el poder transformador del arte en la sociedad.<\/p>\n\n\n\n<p>A lo largo de su carrera, ha generado puentes culturales y diplom\u00e1ticos, colaborando incluso con causas filantr\u00f3picas internacionales y realizando intervenciones vinculadas a patrimonios de la UNESCO. Durante este 2026, su agenda incluye presentaciones en ciudades clave de Suiza como&nbsp;<strong>Ginebra y Basilea<\/strong>, lo que otorga un significado simb\u00f3lico profundo a su escala en Nueva Helvecia, punto donde nuestra identidad dialoga directamente con las ra\u00edces europeas.<\/p>\n\n\n\n<p>La muestra invita al espectador a experimentar lo opuesto al \u00abd\u00e9j\u00e0 vu\u00bb: ver lo familiar como si fuera la primera vez. A trav\u00e9s de un lenguaje abstracto, Echeverr\u00eda propone redescubrir lo cotidiano y la identidad local desde una perspectiva renovada.<\/p>\n\n\n\n<ul>\n<li><strong>Fecha:<\/strong>&nbsp;20, 21 y 22 de marzo.<\/li>\n\n\n\n<li><strong>Lugar:<\/strong>&nbsp;Centro Cultural Colonia Suiza.<\/li>\n\n\n\n<li><strong>Entrada:<\/strong>&nbsp;libre&nbsp;<\/li>\n<\/ul>\n\n\n\n<p>Invitamos a toda la comunidad a ser parte de esta experiencia.<\/p>\n\n\n\n<p>Saludos cordiales<\/p>\n\n\n\n<p>Dr. Marcelo Alonso Haller<\/p>\n\n\n\n<p>Alcalde de Nueva Helvecia<\/p>\n","protected":false},"excerpt":{"rendered":"<p>El&nbsp;Municipio&nbsp;de Nueva Helvecia, en una acci\u00f3n conjunta y coordinada con el&nbsp;Centro Cultural Colonia Suiza, se complace en anunciar la llegada de la Muestra Internacional de Arte Contempor\u00e1neo&nbsp;\u00abVUJA DE\u00bb, del reconocido artista uruguayo&nbsp;Pablo Echeverr\u00eda. Esta presentaci\u00f3n especial se enmarca en la Gira Nacional 2026, que recorre los 19 departamentos del pa\u00eds acercando propuestas de primer nivel [&hellip;]<\/p>\n","protected":false},"author":14,"featured_media":5668,"comment_status":"closed","ping_status":"closed","sticky":false,"template":"","format":"standard","meta":[],"categories":[1],"tags":[],"_links":{"self":[{"href":"https:\/\/municipiodenuevahelvecia.com\/index.php?rest_route=\/wp\/v2\/posts\/5667"}],"collection":[{"href":"https:\/\/municipiodenuevahelvecia.com\/index.php?rest_route=\/wp\/v2\/posts"}],"about":[{"href":"https:\/\/municipiodenuevahelvecia.com\/index.php?rest_route=\/wp\/v2\/types\/post"}],"author":[{"embeddable":true,"href":"https:\/\/municipiodenuevahelvecia.com\/index.php?rest_route=\/wp\/v2\/users\/14"}],"replies":[{"embeddable":true,"href":"https:\/\/municipiodenuevahelvecia.com\/index.php?rest_route=%2Fwp%2Fv2%2Fcomments&post=5667"}],"version-history":[{"count":1,"href":"https:\/\/municipiodenuevahelvecia.com\/index.php?rest_route=\/wp\/v2\/posts\/5667\/revisions"}],"predecessor-version":[{"id":5669,"href":"https:\/\/municipiodenuevahelvecia.com\/index.php?rest_route=\/wp\/v2\/posts\/5667\/revisions\/5669"}],"wp:featuredmedia":[{"embeddable":true,"href":"https:\/\/municipiodenuevahelvecia.com\/index.php?rest_route=\/wp\/v2\/media\/5668"}],"wp:attachment":[{"href":"https:\/\/municipiodenuevahelvecia.com\/index.php?rest_route=%2Fwp%2Fv2%2Fmedia&parent=5667"}],"wp:term":[{"taxonomy":"category","embeddable":true,"href":"https:\/\/municipiodenuevahelvecia.com\/index.php?rest_route=%2Fwp%2Fv2%2Fcategories&post=5667"},{"taxonomy":"post_tag","embeddable":true,"href":"https:\/\/municipiodenuevahelvecia.com\/index.php?rest_route=%2Fwp%2Fv2%2Ftags&post=5667"}],"curies":[{"name":"wp","href":"https:\/\/api.w.org\/{rel}","templated":true}]}}